{"id":10076,"date":"2023-11-07T10:07:41","date_gmt":"2023-11-07T09:07:41","guid":{"rendered":"https:\/\/africagreentec.com.dev.kalayourlife.com\/impactblog\/countrystory-mali\/"},"modified":"2023-12-15T09:27:26","modified_gmt":"2023-12-15T08:27:26","slug":"countrystory-mali","status":"publish","type":"impactblog","link":"https:\/\/africagreentec.com.dev.kalayourlife.com\/fr\/impactblog\/countrystory-mali\/","title":{"rendered":"#CountryStory Mali"},"content":{"rendered":"\t\t<div data-elementor-type=\"wp-post\" data-elementor-id=\"10076\" class=\"elementor elementor-10076 elementor-9827\" data-elementor-post-type=\"impactblog\">\n\t\t\t\t\t\t\t\t\t<section class=\"elementor-section elementor-top-section elementor-element elementor-element-14e4ae0 elementor-section-boxed elementor-section-height-default elementor-section-height-default\" data-id=\"14e4ae0\" data-element_type=\"section\">\n\t\t\t\t\t\t<div class=\"elementor-container elementor-column-gap-default\">\n\t\t\t\t\t<div class=\"elementor-column elementor-col-100 elementor-top-column elementor-element elementor-element-f62278a\" data-id=\"f62278a\" data-element_type=\"column\">\n\t\t\t<div class=\"elementor-widget-wrap elementor-element-populated\">\n\t\t\t\t\t\t\t\t<div class=\"elementor-element elementor-element-6734210 elementor-widget elementor-widget-kyl_breadcrumb\" data-id=\"6734210\" data-element_type=\"widget\" data-widget_type=\"kyl_breadcrumb.default\">\n\t\t\t\t<div class=\"elementor-widget-container\">\n\t\t\t\n        <div class=\"kyl_breadcrumb\">\n            <div class=\"wrapper\">\n                <a class=\"home\" href=\"\/\">Home<\/a>\n\n\t\t\t\t            <span class=\"delimiter\"><\/span>\n\t\t\t                <span>#CountryStory Mali<\/span>\n\t\t\t            <\/div>\n        <\/div>\n\t\t\t\t<\/div>\n\t\t\t\t<\/div>\n\t\t\t\t<div class=\"elementor-element elementor-element-3e97f64 elementor-widget elementor-widget-spacer\" data-id=\"3e97f64\" data-element_type=\"widget\" data-widget_type=\"spacer.default\">\n\t\t\t\t<div class=\"elementor-widget-container\">\n\t\t\t<style>\/*! elementor - v3.16.0 - 17-10-2023 *\/\n.elementor-column .elementor-spacer-inner{height:var(--spacer-size)}.e-con{--container-widget-width:100%}.e-con-inner>.elementor-widget-spacer,.e-con>.elementor-widget-spacer{width:var(--container-widget-width,var(--spacer-size));--align-self:var(--container-widget-align-self,initial);--flex-shrink:0}.e-con-inner>.elementor-widget-spacer>.elementor-widget-container,.e-con>.elementor-widget-spacer>.elementor-widget-container{height:100%;width:100%}.e-con-inner>.elementor-widget-spacer>.elementor-widget-container>.elementor-spacer,.e-con>.elementor-widget-spacer>.elementor-widget-container>.elementor-spacer{height:100%}.e-con-inner>.elementor-widget-spacer>.elementor-widget-container>.elementor-spacer>.elementor-spacer-inner,.e-con>.elementor-widget-spacer>.elementor-widget-container>.elementor-spacer>.elementor-spacer-inner{height:var(--container-widget-height,var(--spacer-size))}.e-con-inner>.elementor-widget-spacer.elementor-widget-empty,.e-con>.elementor-widget-spacer.elementor-widget-empty{position:relative;min-height:22px;min-width:22px}.e-con-inner>.elementor-widget-spacer.elementor-widget-empty .elementor-widget-empty-icon,.e-con>.elementor-widget-spacer.elementor-widget-empty .elementor-widget-empty-icon{position:absolute;top:0;bottom:0;left:0;right:0;margin:auto;padding:0;width:22px;height:22px}<\/style>\t\t<div class=\"elementor-spacer\">\n\t\t\t<div class=\"elementor-spacer-inner\"><\/div>\n\t\t<\/div>\n\t\t\t\t<\/div>\n\t\t\t\t<\/div>\n\t\t\t\t\t<\/div>\n\t\t<\/div>\n\t\t\t\t\t\t\t<\/div>\n\t\t<\/section>\n\t\t\t\t<section class=\"elementor-section elementor-top-section elementor-element elementor-element-4b7ad68 elementor-section-boxed elementor-section-height-default elementor-section-height-default\" data-id=\"4b7ad68\" data-element_type=\"section\">\n\t\t\t\t\t\t<div class=\"elementor-container elementor-column-gap-default\">\n\t\t\t\t\t<div class=\"elementor-column elementor-col-100 elementor-top-column elementor-element elementor-element-2a16a03\" data-id=\"2a16a03\" data-element_type=\"column\">\n\t\t\t<div class=\"elementor-widget-wrap elementor-element-populated\">\n\t\t\t\t\t\t\t\t<div class=\"elementor-element elementor-element-a648604 elementor-widget elementor-widget-kyl_headline\" data-id=\"a648604\" data-element_type=\"widget\" data-widget_type=\"kyl_headline.default\">\n\t\t\t\t<div class=\"elementor-widget-container\">\n\t\t\t\n        <div class=\"kyl_headline\">\n            <div class=\"container\">\n\n                <h1 class=\"headline\">\n                    #CountryStory Mali                <\/h1>\n\n            <\/div>\n        <\/div>\n\n\t\t\t\t<\/div>\n\t\t\t\t<\/div>\n\t\t\t\t<div class=\"elementor-element elementor-element-f2230fe elementor-widget elementor-widget-spacer\" data-id=\"f2230fe\" data-element_type=\"widget\" data-widget_type=\"spacer.default\">\n\t\t\t\t<div class=\"elementor-widget-container\">\n\t\t\t\t\t<div class=\"elementor-spacer\">\n\t\t\t<div class=\"elementor-spacer-inner\"><\/div>\n\t\t<\/div>\n\t\t\t\t<\/div>\n\t\t\t\t<\/div>\n\t\t\t\t<div class=\"elementor-element elementor-element-7ce6ff2 elementor-widget elementor-widget-kyl_author\" data-id=\"7ce6ff2\" data-element_type=\"widget\" data-widget_type=\"kyl_author.default\">\n\t\t\t\t<div class=\"elementor-widget-container\">\n\t\t\t\n        <div class=\"kyl_author\">\n\n            <img decoding=\"async\" class=\"author\"\n                 src=\"https:\/\/africagreentec.com.dev.kalayourlife.com\/wp-content\/uploads\/2023\/04\/Staff_Illustration_Katharina_Schwab_BC_23-04-11-150x150.png\"\n                 srcset=\"https:\/\/africagreentec.com.dev.kalayourlife.com\/wp-content\/uploads\/2023\/04\/Staff_Illustration_Katharina_Schwab_BC_23-04-11-246x300.png 246w, https:\/\/africagreentec.com.dev.kalayourlife.com\/wp-content\/uploads\/2023\/04\/Staff_Illustration_Katharina_Schwab_BC_23-04-11-839x1024.png 839w, https:\/\/africagreentec.com.dev.kalayourlife.com\/wp-content\/uploads\/2023\/04\/Staff_Illustration_Katharina_Schwab_BC_23-04-11-768x938.png 768w, https:\/\/africagreentec.com.dev.kalayourlife.com\/wp-content\/uploads\/2023\/04\/Staff_Illustration_Katharina_Schwab_BC_23-04-11-1258x1536.png 1258w, https:\/\/africagreentec.com.dev.kalayourlife.com\/wp-content\/uploads\/2023\/04\/Staff_Illustration_Katharina_Schwab_BC_23-04-11-1677x2048.png 1677w, https:\/\/africagreentec.com.dev.kalayourlife.com\/wp-content\/uploads\/2023\/04\/Staff_Illustration_Katharina_Schwab_BC_23-04-11-655x800.png 655w, https:\/\/africagreentec.com.dev.kalayourlife.com\/wp-content\/uploads\/2023\/04\/Staff_Illustration_Katharina_Schwab_BC_23-04-11-983x1200.png 983w, https:\/\/africagreentec.com.dev.kalayourlife.com\/wp-content\/uploads\/2023\/04\/Staff_Illustration_Katharina_Schwab_BC_23-04-11-491x600.png 491w, https:\/\/africagreentec.com.dev.kalayourlife.com\/wp-content\/uploads\/2023\/04\/Staff_Illustration_Katharina_Schwab_BC_23-04-11-885x1080.png 885w\"\n                 alt=\"\">\n            <div class=\"text\">\n                <span class=\"name\">\n                    Katharina S.<br \/>\n08 novembre 2023                <\/span>\n                <br>\n            <\/div>\n\n        <\/div>\n\n\t\t\t\t<\/div>\n\t\t\t\t<\/div>\n\t\t\t\t<div class=\"elementor-element elementor-element-398fb30 elementor-widget elementor-widget-spacer\" data-id=\"398fb30\" data-element_type=\"widget\" data-widget_type=\"spacer.default\">\n\t\t\t\t<div class=\"elementor-widget-container\">\n\t\t\t\t\t<div class=\"elementor-spacer\">\n\t\t\t<div class=\"elementor-spacer-inner\"><\/div>\n\t\t<\/div>\n\t\t\t\t<\/div>\n\t\t\t\t<\/div>\n\t\t\t\t<div class=\"elementor-element elementor-element-cf78994 width-full_width elementor-widget elementor-widget-kyl_images\" data-id=\"cf78994\" data-element_type=\"widget\" data-widget_type=\"kyl_images.default\">\n\t\t\t\t<div class=\"elementor-widget-container\">\n\t\t\t\n        <div class=\"kyl_images\" data-count=\"1\">\n\n\t\t\t                <div class=\"image image1 \">\n\t\t\t\t\t<img decoding=\"async\" src=\"https:\/\/africagreentec.com.dev.kalayourlife.com\/wp-content\/uploads\/2023\/11\/DJI_0361-1-scaled.jpg\" title=\"default\" alt=\"default\" loading=\"lazy\" \/>\n\t\t\t\t\t                <\/div>\n\t\t\t\n\t\t\t\n\n        <\/div>\n\n\t\t\t\t<\/div>\n\t\t\t\t<\/div>\n\t\t\t\t<div class=\"elementor-element elementor-element-c58a2d4 elementor-widget elementor-widget-spacer\" data-id=\"c58a2d4\" data-element_type=\"widget\" data-widget_type=\"spacer.default\">\n\t\t\t\t<div class=\"elementor-widget-container\">\n\t\t\t\t\t<div class=\"elementor-spacer\">\n\t\t\t<div class=\"elementor-spacer-inner\"><\/div>\n\t\t<\/div>\n\t\t\t\t<\/div>\n\t\t\t\t<\/div>\n\t\t\t\t\t<\/div>\n\t\t<\/div>\n\t\t\t\t\t\t\t<\/div>\n\t\t<\/section>\n\t\t\t\t<section class=\"elementor-section elementor-top-section elementor-element elementor-element-2dc4b4b elementor-section-boxed elementor-section-height-default elementor-section-height-default\" data-id=\"2dc4b4b\" data-element_type=\"section\">\n\t\t\t\t\t\t<div class=\"elementor-container elementor-column-gap-default\">\n\t\t\t\t\t<div class=\"elementor-column elementor-col-100 elementor-top-column elementor-element elementor-element-967258d\" data-id=\"967258d\" data-element_type=\"column\">\n\t\t\t<div class=\"elementor-widget-wrap elementor-element-populated\">\n\t\t\t\t\t\t\t\t<div class=\"elementor-element elementor-element-04d8ee1 elementor-widget elementor-widget-kyl_text\" data-id=\"04d8ee1\" data-element_type=\"widget\" data-widget_type=\"kyl_text.default\">\n\t\t\t\t<div class=\"elementor-widget-container\">\n\t\t\t\n        <div class=\"kyl_text is-left\">\n            <div class=\"container\">\n\t\t\t\t\n\t\t\t                <div class=\"text\">\n\t\t\t\t\t<p>Mali, im Herzen West\u00adafrikas gele\u00adgen, besitzt eine lebendige Kultur, historische Bedeu\u00adtung und atem\u00adbe\u00adraubende Land\u00adschaften, ist aber auch gepr\u00e4gt von wirt\u00adschaft\u00adlichen Problemen und struk\u00adturel\u00adlen Schwierig\u00adkeiten.<\/p><p>Mali hat f\u00fcr uns eine ganz beson\u00addere Bedeu\u00adtung: Es ist der Geburts\u00adort der Africa GreenTec-Idee und das Land unseres aller\u00adersten Pilot\u00adprojekts. Trotz der aktuell ange\u00adspannten Situation im Land bleibt unsere Verbin\u00addung zu Mali immer bestehen und unsere Projekte werden weiter betrie\u00adben.<\/p>                <\/div>\n\t\t\t\n\t\t\t        <\/div>\n        <\/div>\n\t\t\t\t<\/div>\n\t\t\t\t<\/div>\n\t\t\t\t<div class=\"elementor-element elementor-element-0249b1a elementor-widget elementor-widget-spacer\" data-id=\"0249b1a\" data-element_type=\"widget\" data-widget_type=\"spacer.default\">\n\t\t\t\t<div class=\"elementor-widget-container\">\n\t\t\t\t\t<div class=\"elementor-spacer\">\n\t\t\t<div class=\"elementor-spacer-inner\"><\/div>\n\t\t<\/div>\n\t\t\t\t<\/div>\n\t\t\t\t<\/div>\n\t\t\t\t\t<\/div>\n\t\t<\/div>\n\t\t\t\t\t\t\t<\/div>\n\t\t<\/section>\n\t\t\t\t<section class=\"elementor-section elementor-top-section elementor-element elementor-element-32a464a elementor-section-full_width elementor-section-height-default elementor-section-height-default\" data-id=\"32a464a\" data-element_type=\"section\">\n\t\t\t\t\t\t<div class=\"elementor-container elementor-column-gap-default\">\n\t\t\t\t\t<div class=\"elementor-column elementor-col-100 elementor-top-column elementor-element elementor-element-fc2a258\" data-id=\"fc2a258\" data-element_type=\"column\">\n\t\t\t<div class=\"elementor-widget-wrap elementor-element-populated\">\n\t\t\t\t\t\t\t\t<div class=\"elementor-element elementor-element-63f39b4 elementor-widget elementor-widget-kyl_image_teaser_slant_medium\" data-id=\"63f39b4\" data-element_type=\"widget\" data-widget_type=\"kyl_image_teaser_slant_medium.default\">\n\t\t\t\t<div class=\"elementor-widget-container\">\n\t\t\t\n        <div class=\"kyl_image_teaser_slant_medium\">\n            <div class=\"container is-left\">\n                <div class=\"wrapper-image\">\n\t\t\t\t\t\t\t\t\t\t\t                        <img decoding=\"async\" src=\"https:\/\/africagreentec.com.dev.kalayourlife.com\/wp-content\/uploads\/2023\/11\/PatrickReimers_MG_1497.jpg\" alt=\"PatrickReimers_MG_1497\" title=\"PatrickReimers_MG_1497\" class=\"image calc-slant calc-slant-right\">\n\t\t\t\t\t                <\/div>\n                <div class=\"wrapper-text\">\n\n\t\t\t\t\t\n\t\t\t\t\t<h3                    class=\"headline\">\n\t\t\t\t\t\t\t\t\t\t<p>Ein Blick in die Geschichte Malis<\/p>                <\/h3>\n\t\t\t\t                    <div class=\"text\">\n\t\t\t\t\t\t<p>Mali kann auf eine faszi\u00adnierende Geschichte zur\u00fcck\u00adblicken, denn einige der fr\u00fchesten Zeug\u00adnisse mensch\u00adlicher Zivili\u00adsa\u00adtion finden sich inner\u00adhalb der malischen Landes\u00adgrenzen. Die antike Stadt Timbuktu, die von der UNESCO zum Welt\u00adkultur\u00aderbe erkl\u00e4rt wurde, war einst ein bedeutendes Zentrum des Wissens und des Handels in der Region. Die Biblio\u00adtheken und Uni\u00adversi\u00adt\u00e4ten der Stadt zogen Gelehrte aus ganz Afrika und der arabi\u00adschen Welt an und machten die Stadt zu einem Dreh- und Angel\u00adpunkt des intellektu\u00adellen und kulturellen Aus\u00adtauschs. Die im 14. Jahr\u00adhundert f\u00fcr die Stadt errich\u00adtete Djinguereber-Moschee ist ein Zeug\u00adnis der archi\u00adtektoni\u00adschen Pracht und des islamischen Erbes der Stadt.<\/p>                    <\/div>\n\t\t\t\t\n\t\t\t\t\n            <\/div>\n        <\/div>\n        <\/div>\n\n\t\t\t\t<\/div>\n\t\t\t\t<\/div>\n\t\t\t\t<div class=\"elementor-element elementor-element-034ecdb elementor-widget elementor-widget-spacer\" data-id=\"034ecdb\" data-element_type=\"widget\" data-widget_type=\"spacer.default\">\n\t\t\t\t<div class=\"elementor-widget-container\">\n\t\t\t\t\t<div class=\"elementor-spacer\">\n\t\t\t<div class=\"elementor-spacer-inner\"><\/div>\n\t\t<\/div>\n\t\t\t\t<\/div>\n\t\t\t\t<\/div>\n\t\t\t\t\t<\/div>\n\t\t<\/div>\n\t\t\t\t\t\t\t<\/div>\n\t\t<\/section>\n\t\t\t\t<section class=\"elementor-section elementor-top-section elementor-element elementor-element-82eb94d elementor-section-boxed elementor-section-height-default elementor-section-height-default\" data-id=\"82eb94d\" data-element_type=\"section\">\n\t\t\t\t\t\t<div class=\"elementor-container elementor-column-gap-default\">\n\t\t\t\t\t<div class=\"elementor-column elementor-col-100 elementor-top-column elementor-element elementor-element-ca15a85\" data-id=\"ca15a85\" data-element_type=\"column\">\n\t\t\t<div class=\"elementor-widget-wrap elementor-element-populated\">\n\t\t\t\t\t\t\t\t<div class=\"elementor-element elementor-element-a82b129 elementor-widget elementor-widget-kyl_text\" data-id=\"a82b129\" data-element_type=\"widget\" data-widget_type=\"kyl_text.default\">\n\t\t\t\t<div class=\"elementor-widget-container\">\n\t\t\t\n        <div class=\"kyl_text is-left\">\n            <div class=\"container\">\n\t\t\t\t                <h3 class=\"headline\">\n\t\t\t\tVielf\u00e4ltige kulturelle Traditionen            <\/h3>\n\t\t\t\n\t\t\t                <div class=\"text\">\n\t\t\t\t\t<p>Mali ist ein multi\u00adethni\u00adsches Land, in dem eine gro\u00dfe Zahl von Bev\u00f6lkerungs\u00adgrup\u00adpen lebt. Es werden mehr als 15 verschie\u00addene Sprachen gespro\u00adchen, von denen sich jede in verschie\u00addene Varianten und Dialekte aufge\u00adgliedert. Die Amts\u00adsprache ist Franz\u00f6\u00adsisch, das jedoch in der l\u00e4nd\u00adlichen Bev\u00f6lkerung nicht weit verbrei\u00adtet ist. Die Verkehrs\u00adsprache ist Bambara, das von etwa 60\u201380 % der Bev\u00f6lkerung gesprochen wird.<\/p>                <\/div>\n\t\t\t\n\t\t\t        <\/div>\n        <\/div>\n\t\t\t\t<\/div>\n\t\t\t\t<\/div>\n\t\t\t\t<div class=\"elementor-element elementor-element-994fea2 elementor-widget elementor-widget-spacer\" data-id=\"994fea2\" data-element_type=\"widget\" data-widget_type=\"spacer.default\">\n\t\t\t\t<div class=\"elementor-widget-container\">\n\t\t\t\t\t<div class=\"elementor-spacer\">\n\t\t\t<div class=\"elementor-spacer-inner\"><\/div>\n\t\t<\/div>\n\t\t\t\t<\/div>\n\t\t\t\t<\/div>\n\t\t\t\t<div class=\"elementor-element elementor-element-e4f3987 width-full_width elementor-widget elementor-widget-kyl_images\" data-id=\"e4f3987\" data-element_type=\"widget\" data-widget_type=\"kyl_images.default\">\n\t\t\t\t<div class=\"elementor-widget-container\">\n\t\t\t\n        <div class=\"kyl_images\" data-count=\"1\">\n\n\t\t\t                <div class=\"image image1 \">\n\t\t\t\t\t<img decoding=\"async\" src=\"https:\/\/africagreentec.com.dev.kalayourlife.com\/wp-content\/uploads\/2023\/11\/IMG_8201-scaled.jpg\" title=\"IMG_8201\" alt=\"IMG_8201\" loading=\"lazy\" \/>\n\t\t\t\t\t                <\/div>\n\t\t\t\n\t\t\t\n\n        <\/div>\n\n\t\t\t\t<\/div>\n\t\t\t\t<\/div>\n\t\t\t\t<div class=\"elementor-element elementor-element-34ec841 elementor-widget elementor-widget-spacer\" data-id=\"34ec841\" data-element_type=\"widget\" data-widget_type=\"spacer.default\">\n\t\t\t\t<div class=\"elementor-widget-container\">\n\t\t\t\t\t<div class=\"elementor-spacer\">\n\t\t\t<div class=\"elementor-spacer-inner\"><\/div>\n\t\t<\/div>\n\t\t\t\t<\/div>\n\t\t\t\t<\/div>\n\t\t\t\t<div class=\"elementor-element elementor-element-421c276 elementor-widget elementor-widget-kyl_text\" data-id=\"421c276\" data-element_type=\"widget\" data-widget_type=\"kyl_text.default\">\n\t\t\t\t<div class=\"elementor-widget-container\">\n\t\t\t\n        <div class=\"kyl_text is-left\">\n            <div class=\"container\">\n\t\t\t\t\n\t\t\t                <div class=\"text\">\n\t\t\t\t\t<p>Jede Gruppe hat ihre eigenen, einzig\u00adartigen Tradi\u00adtio\u00adnen, Sprachen und Br\u00e4uche. Die Bambara, Dogon, Tuareg und Fulani sind nur einige der dyna\u00admischen Gemein\u00adschaften, die zum kulturellen Gef\u00fcge Malis bei\u00adtra\u00adgen. Die Bambara sind die gr\u00f6\u00dfte ethnische Gruppe in Mali und stellen 35 % der Bev\u00f6lkerung. Man sollte die verschie\u00addenen Bev\u00f6lkerungs\u00adgruppen Malis jedoch nicht als streng getrennte Gesell\u00adschaften betrach\u00adten: \u00dcber\u00adlappende Lebens\u00adr\u00e4ume und st\u00e4ndi\u00adger kultureller Austausch sind die Regel.<\/p><p>Der Islam ist die vorherr\u00adschende Reli\u00adgion in Mali, wobei die Mehr\u00adheit der Bev\u00f6lkerung dem sunniti\u00adschen Zweig des Islam anh\u00e4ngt. Er wurde im 9. Jahr\u00adhundert in der Region einge\u00adf\u00fchrt, vor allem durch arabische und berberische H\u00e4ndler und Gelehrte.<\/p>                <\/div>\n\t\t\t\n\t\t\t        <\/div>\n        <\/div>\n\t\t\t\t<\/div>\n\t\t\t\t<\/div>\n\t\t\t\t<div class=\"elementor-element elementor-element-13b4718 elementor-widget elementor-widget-spacer\" data-id=\"13b4718\" data-element_type=\"widget\" data-widget_type=\"spacer.default\">\n\t\t\t\t<div class=\"elementor-widget-container\">\n\t\t\t\t\t<div class=\"elementor-spacer\">\n\t\t\t<div class=\"elementor-spacer-inner\"><\/div>\n\t\t<\/div>\n\t\t\t\t<\/div>\n\t\t\t\t<\/div>\n\t\t\t\t<div class=\"elementor-element elementor-element-ab5ddd3 width-full_width elementor-widget elementor-widget-kyl_images\" data-id=\"ab5ddd3\" data-element_type=\"widget\" data-widget_type=\"kyl_images.default\">\n\t\t\t\t<div class=\"elementor-widget-container\">\n\t\t\t\n        <div class=\"kyl_images\" data-count=\"2\">\n\n\t\t\t                <div class=\"image image1 \">\n\t\t\t\t\t<img decoding=\"async\" src=\"https:\/\/africagreentec.com.dev.kalayourlife.com\/wp-content\/uploads\/2023\/11\/PatrickReimers_DSF7525-Kopie.jpg\" title=\"PatrickReimers_DSF7525 Kopie\" alt=\"PatrickReimers_DSF7525 Kopie\" loading=\"lazy\" \/>\n\t\t\t\t\t                <\/div>\n\t\t\t\n\t\t\t                <div class=\"image image2 \">\n\t\t\t\t\t<img decoding=\"async\" src=\"https:\/\/africagreentec.com.dev.kalayourlife.com\/wp-content\/uploads\/2023\/11\/PatrickReimers_DSF7723.jpg\" title=\"PatrickReimers_DSF7723\" alt=\"PatrickReimers_DSF7723\" loading=\"lazy\" \/>\n\t\t\t\t\t                <\/div>\n\t\t\t\n\n        <\/div>\n\n\t\t\t\t<\/div>\n\t\t\t\t<\/div>\n\t\t\t\t<div class=\"elementor-element elementor-element-1900f0d elementor-widget elementor-widget-spacer\" data-id=\"1900f0d\" data-element_type=\"widget\" data-widget_type=\"spacer.default\">\n\t\t\t\t<div class=\"elementor-widget-container\">\n\t\t\t\t\t<div class=\"elementor-spacer\">\n\t\t\t<div class=\"elementor-spacer-inner\"><\/div>\n\t\t<\/div>\n\t\t\t\t<\/div>\n\t\t\t\t<\/div>\n\t\t\t\t\t<\/div>\n\t\t<\/div>\n\t\t\t\t\t\t\t<\/div>\n\t\t<\/section>\n\t\t\t\t<section class=\"elementor-section elementor-top-section elementor-element elementor-element-c020c22 elementor-section-boxed elementor-section-height-default elementor-section-height-default\" data-id=\"c020c22\" data-element_type=\"section\">\n\t\t\t\t\t\t<div class=\"elementor-container elementor-column-gap-default\">\n\t\t\t\t\t<div class=\"elementor-column elementor-col-100 elementor-top-column elementor-element elementor-element-b1666d2\" data-id=\"b1666d2\" data-element_type=\"column\">\n\t\t\t<div class=\"elementor-widget-wrap elementor-element-populated\">\n\t\t\t\t\t\t\t\t<div class=\"elementor-element elementor-element-ef8c0b9 elementor-widget elementor-widget-kyl_text\" data-id=\"ef8c0b9\" data-element_type=\"widget\" data-widget_type=\"kyl_text.default\">\n\t\t\t\t<div class=\"elementor-widget-container\">\n\t\t\t\n        <div class=\"kyl_text is-left\">\n            <div class=\"container\">\n\t\t\t\t                <h3 class=\"headline\">\n\t\t\t\tDas wichtigste Element der Wirtschaft \u2013 die Landwirtschaft            <\/h3>\n\t\t\t\n\t\t\t                <div class=\"text\">\n\t\t\t\t\t<p>Aufgrund der beson\u00adderen geo\u00adgra\u00adfi\u00adschen Lage in der Sahara herrschen beson\u00addere klima\u00adti\u00adsche Bedingun\u00adgen. Gepr\u00e4gt von langen D\u00fcrre\u00adperioden und seltenen Stark\u00adregen\u00adf\u00e4llen, die von den trockenen und harten B\u00f6den nicht aufge\u00adnommen werden k\u00f6nnen, ist die Land\u00adwirt\u00adschaft schwierig. Da es keine oder unzu\u00adverl\u00e4ssige und teure Wasser\u00adpumpen gibt, ist Regen\u00adfeld\u00adbau oft die einzige M\u00f6glich\u00adkeit. Dabei handelt es sich um eine Form der Land\u00adwirt\u00adschaft, bei der das Wasser f\u00fcr die Pflanzen durch die Nieder\u00adschl\u00e4ge bereit\u00adge\u00adstellt wird und keine zus\u00e4tz\u00adliche k\u00fcnst\u00adliche Bew\u00e4sse\u00adrung einge\u00adsetzt wird.<\/p>                <\/div>\n\t\t\t\n\t\t\t        <\/div>\n        <\/div>\n\t\t\t\t<\/div>\n\t\t\t\t<\/div>\n\t\t\t\t<div class=\"elementor-element elementor-element-c51875b elementor-widget elementor-widget-spacer\" data-id=\"c51875b\" data-element_type=\"widget\" data-widget_type=\"spacer.default\">\n\t\t\t\t<div class=\"elementor-widget-container\">\n\t\t\t\t\t<div class=\"elementor-spacer\">\n\t\t\t<div class=\"elementor-spacer-inner\"><\/div>\n\t\t<\/div>\n\t\t\t\t<\/div>\n\t\t\t\t<\/div>\n\t\t\t\t<div class=\"elementor-element elementor-element-0724fb4 width-full_width elementor-widget elementor-widget-kyl_images\" data-id=\"0724fb4\" data-element_type=\"widget\" data-widget_type=\"kyl_images.default\">\n\t\t\t\t<div class=\"elementor-widget-container\">\n\t\t\t\n        <div class=\"kyl_images\" data-count=\"2\">\n\n\t\t\t                <div class=\"image image1 \">\n\t\t\t\t\t<img decoding=\"async\" src=\"https:\/\/africagreentec.com.dev.kalayourlife.com\/wp-content\/uploads\/2023\/11\/PatrickReimers_MG_2302.jpg\" title=\"PatrickReimers_MG_2302\" alt=\"PatrickReimers_MG_2302\" loading=\"lazy\" \/>\n\t\t\t\t\t                <\/div>\n\t\t\t\n\t\t\t                <div class=\"image image2 \">\n\t\t\t\t\t<img decoding=\"async\" src=\"https:\/\/africagreentec.com.dev.kalayourlife.com\/wp-content\/uploads\/2023\/11\/PatrickReimers_DSF7903.jpg\" title=\"PatrickReimers_DSF7903\" alt=\"PatrickReimers_DSF7903\" loading=\"lazy\" \/>\n\t\t\t\t\t                <\/div>\n\t\t\t\n\n        <\/div>\n\n\t\t\t\t<\/div>\n\t\t\t\t<\/div>\n\t\t\t\t<div class=\"elementor-element elementor-element-82aec78 elementor-widget elementor-widget-spacer\" data-id=\"82aec78\" data-element_type=\"widget\" data-widget_type=\"spacer.default\">\n\t\t\t\t<div class=\"elementor-widget-container\">\n\t\t\t\t\t<div class=\"elementor-spacer\">\n\t\t\t<div class=\"elementor-spacer-inner\"><\/div>\n\t\t<\/div>\n\t\t\t\t<\/div>\n\t\t\t\t<\/div>\n\t\t\t\t<div class=\"elementor-element elementor-element-ba184f5 elementor-widget elementor-widget-kyl_text\" data-id=\"ba184f5\" data-element_type=\"widget\" data-widget_type=\"kyl_text.default\">\n\t\t\t\t<div class=\"elementor-widget-container\">\n\t\t\t\n        <div class=\"kyl_text is-left\">\n            <div class=\"container\">\n\t\t\t\t\n\t\t\t                <div class=\"text\">\n\t\t\t\t\t<p>Infolge\u00addessen sind die Land\u00adwirte gezwun\u00adgen, alle 2 Jahre umzu\u00adziehen, um eine \u00dcber\u00adbe\u00adan\u00adspruch\u00adung des Bodens zu vermei\u00adden. Dies ist in der Regel aus finanziellen Gr\u00fcnden und aus Mangel an Nahrungs\u00admitteln nicht m\u00f6glich, so dass das Feld nach einigen Jahren der Nutzung \"tot\" wird. Das nutz\u00adbare Land ist also nicht nur harten Gegeben\u00adheiten ausge\u00adsetzt, sondern wird auch immer kleiner. Dar\u00fcber hinaus verder\u00adben laut FAO etwa 40 Prozent der Obst- und Gem\u00fcse\u00adernten, da den Menschen die M\u00f6glich\u00adkeit der K\u00fchlung fehlt.<\/p><p>Mit dem Fort\u00adschrei\u00adten der Klima\u00adkrise nimmt auch die W\u00fcsten\u00adbildung zu. Unter W\u00fcsten\u00adbildung versteht man die Aus\u00adbrei\u00adtung der W\u00fcste, von der in Mali vor allem die Land\u00adwirte betroffen sind (etwa 62 % der Bev\u00f6lkerung sind in der Land\u00adwirt\u00adschaft t\u00e4tig).<\/p><p>Aufgrund mangelnder Infra\u00adstruk\u00adtur und Ressourcen liegt Mali laut BMZ im Jahr 2022 auf Platz 186 von 191 des Human Development Index.<\/p>                <\/div>\n\t\t\t\n\t\t\t        <\/div>\n        <\/div>\n\t\t\t\t<\/div>\n\t\t\t\t<\/div>\n\t\t\t\t<div class=\"elementor-element elementor-element-d117843 elementor-widget elementor-widget-spacer\" data-id=\"d117843\" data-element_type=\"widget\" data-widget_type=\"spacer.default\">\n\t\t\t\t<div class=\"elementor-widget-container\">\n\t\t\t\t\t<div class=\"elementor-spacer\">\n\t\t\t<div class=\"elementor-spacer-inner\"><\/div>\n\t\t<\/div>\n\t\t\t\t<\/div>\n\t\t\t\t<\/div>\n\t\t\t\t<div class=\"elementor-element elementor-element-63bfbad width-full_width elementor-widget elementor-widget-kyl_images\" data-id=\"63bfbad\" data-element_type=\"widget\" data-widget_type=\"kyl_images.default\">\n\t\t\t\t<div class=\"elementor-widget-container\">\n\t\t\t\n        <div class=\"kyl_images\" data-count=\"1\">\n\n\t\t\t                <div class=\"image image1 \">\n\t\t\t\t\t<img decoding=\"async\" src=\"https:\/\/africagreentec.com.dev.kalayourlife.com\/wp-content\/uploads\/2023\/11\/Djoliba7.jpg\" title=\"Created with GIMP\" alt=\"Created with GIMP\" loading=\"lazy\" \/>\n\t\t\t\t\t                <\/div>\n\t\t\t\n\t\t\t\n\n        <\/div>\n\n\t\t\t\t<\/div>\n\t\t\t\t<\/div>\n\t\t\t\t<div class=\"elementor-element elementor-element-680f175 elementor-widget elementor-widget-spacer\" data-id=\"680f175\" data-element_type=\"widget\" data-widget_type=\"spacer.default\">\n\t\t\t\t<div class=\"elementor-widget-container\">\n\t\t\t\t\t<div class=\"elementor-spacer\">\n\t\t\t<div class=\"elementor-spacer-inner\"><\/div>\n\t\t<\/div>\n\t\t\t\t<\/div>\n\t\t\t\t<\/div>\n\t\t\t\t\t<\/div>\n\t\t<\/div>\n\t\t\t\t\t\t\t<\/div>\n\t\t<\/section>\n\t\t\t\t<section class=\"elementor-section elementor-top-section elementor-element elementor-element-fdef321 elementor-section-boxed elementor-section-height-default elementor-section-height-default\" data-id=\"fdef321\" data-element_type=\"section\">\n\t\t\t\t\t\t<div class=\"elementor-container elementor-column-gap-default\">\n\t\t\t\t\t<div class=\"elementor-column elementor-col-100 elementor-top-column elementor-element elementor-element-a4b2dd9\" data-id=\"a4b2dd9\" data-element_type=\"column\">\n\t\t\t<div class=\"elementor-widget-wrap elementor-element-populated\">\n\t\t\t\t\t\t\t\t<div class=\"elementor-element elementor-element-b944e35 elementor-widget elementor-widget-kyl_text\" data-id=\"b944e35\" data-element_type=\"widget\" data-widget_type=\"kyl_text.default\">\n\t\t\t\t<div class=\"elementor-widget-container\">\n\t\t\t\n        <div class=\"kyl_text is-left\">\n            <div class=\"container\">\n\t\t\t\t                <h3 class=\"headline\">\n\t\t\t\tMalis politische Situation            <\/h3>\n\t\t\t\n\t\t\t                <div class=\"text\">\n\t\t\t\t\t<p>Mali ist ein wunder\u00adsch\u00f6nes, viel\u00adf\u00e4lti\u00adges Land mit vielen Perspek\u00adtiven f\u00fcr eine bessere Zukunft, aber man darf die Probleme nicht igno\u00adrie\u00adren. Vor allem poli\u00adtisch hat sich die Lage in den letzten Jahren immer weiter verschlech\u00adtert.<\/p><p>Seit den 1960er Jahren kam es immer wieder zu Aufst\u00e4n\u00adden des Volkes der Tuareg, die als Siedler im Land umher\u00adziehen. Doch 2012 fielen die Tuareg bewaffnet in Mali ein, um die Scharia durch\u00adzu\u00adsetzen. Im Laufe der Zeit drangen auch andere bewaff\u00adnete Gruppen in das Land ein. Die Vereinten Nationen (UN) versuchen seit 2012, den Menschen in Mali zu helfen. Auch deutsche Soldaten sind vor Ort, um sie zu unter\u00adst\u00fctzen. Die malische Regierung weigert sich jedoch, die Hilfe der UNO anzu\u00adnehmen.<\/p>                <\/div>\n\t\t\t\n\t\t\t        <\/div>\n        <\/div>\n\t\t\t\t<\/div>\n\t\t\t\t<\/div>\n\t\t\t\t<div class=\"elementor-element elementor-element-cf3223f elementor-widget elementor-widget-spacer\" data-id=\"cf3223f\" data-element_type=\"widget\" data-widget_type=\"spacer.default\">\n\t\t\t\t<div class=\"elementor-widget-container\">\n\t\t\t\t\t<div class=\"elementor-spacer\">\n\t\t\t<div class=\"elementor-spacer-inner\"><\/div>\n\t\t<\/div>\n\t\t\t\t<\/div>\n\t\t\t\t<\/div>\n\t\t\t\t\t<\/div>\n\t\t<\/div>\n\t\t\t\t\t\t\t<\/div>\n\t\t<\/section>\n\t\t\t\t<section class=\"elementor-section elementor-top-section elementor-element elementor-element-eb80bdd elementor-section-full_width elementor-section-height-default elementor-section-height-default\" data-id=\"eb80bdd\" data-element_type=\"section\">\n\t\t\t\t\t\t<div class=\"elementor-container elementor-column-gap-default\">\n\t\t\t\t\t<div class=\"elementor-column elementor-col-100 elementor-top-column elementor-element elementor-element-776949a\" data-id=\"776949a\" data-element_type=\"column\">\n\t\t\t<div class=\"elementor-widget-wrap elementor-element-populated\">\n\t\t\t\t\t\t\t\t<div class=\"elementor-element elementor-element-026ce42 elementor-widget elementor-widget-kyl_image_teaser_slant_medium\" data-id=\"026ce42\" data-element_type=\"widget\" data-widget_type=\"kyl_image_teaser_slant_medium.default\">\n\t\t\t\t<div class=\"elementor-widget-container\">\n\t\t\t\n        <div class=\"kyl_image_teaser_slant_medium\">\n            <div class=\"container is-right\">\n                <div class=\"wrapper-image\">\n\t\t\t\t\t\t\t\t\t\t\t                        <img decoding=\"async\" src=\"https:\/\/africagreentec.com.dev.kalayourlife.com\/wp-content\/uploads\/2023\/11\/PatrickReimers_DSF5909.jpg\" alt=\"PatrickReimers_DSF5909\" title=\"PatrickReimers_DSF5909\" class=\"image calc-slant calc-slant-left\">\n\t\t\t\t\t                <\/div>\n                <div class=\"wrapper-text\">\n\n\t\t\t\t\t\n\t\t\t\t\t<h3                    class=\"headline\">\n\t\t\t\t\t\t\t\t\t\t<p>Africa GreenTec und Mali<\/p>                <\/h3>\n\t\t\t\t                    <div class=\"text\">\n\t\t\t\t\t\t<p>Mali steht vor gro\u00dfen Energie-Heraus\u00adfor\u00adderungen. \u00dcber 60 % der Bev\u00f6lkerung leben in l\u00e4nd\u00adlichen Gebie\u00adten, in denen es kaum oder gar keinen Zugang zu Elektri\u00adzi\u00adt\u00e4t gibt. Die Abh\u00e4ngig\u00adkeit von teuren und umwelt\u00adsch\u00e4d\u00adlichen Energie\u00adquellen wie Diesel\u00adgenera\u00adtoren und Kerosin\u00adlampen hat die Entwick\u00adlung gebremst und einen Kreis\u00adlauf der Energie\u00adarmut aufrecht\u00aderhalten.<\/p><p>Mali, das Herkunfts\u00adland unserer Gr\u00fcnderin Aida Schreiber, war das erste Land, in dem wir aktiv waren und in dem unsere eigene Geschichte begann: Die Idee zu Africa GreenTec wurde im Juni 2014 in Mali geboren, als Aida und Torsten Schreiber vom malischen Pr\u00e4si\u00adden\u00adten einge\u00adladen wurden, sich die nationale Energie\u00adver\u00adsor\u00adgung Malis anzu\u00adsehen. Nach der Besich\u00adti\u00adgung eines 20-Megawatt-Diesel\u00adkraft\u00adwerks in der Haupt\u00adstadt Bamako \u00e4nderte sich ihr Leben. Das besich\u00adtigte Kraft\u00adwerk wurde bereits in den 1960er Jahren gebaut und ist zusammen mit zwei weiteren Diesel\u00adkraft\u00adwerken f\u00fcr die Steuerung der Grund\u00adlast in der malischen Millionen\u00admetro\u00adpole zust\u00e4n\u00addig. Es ver\u00adbrennt t\u00e4glich 170.000 Liter Diesel mit einem Wirkungs\u00adgrad von knapp \u00fcber zehn Prozent bei einer Au\u00dfen\u00adtempera\u00adtur von 45 \u00b0C im Schatten. Und das in einem Land mit durch\u00adschnitt\u00adlich 3.000 Sonnen\u00adstunden im Jahr. Der Diesel muss t\u00e4glich von 10 Sattel\u00adschleppern auf einer kaputten Stra\u00dfe 1.500 Kilo\u00admeter vom senegalesischen Hafen Dakar entfernt ange\u00adliefert werden.<\/p>                    <\/div>\n\t\t\t\t\n\t\t\t\t\n            <\/div>\n        <\/div>\n        <\/div>\n\n\t\t\t\t<\/div>\n\t\t\t\t<\/div>\n\t\t\t\t<div class=\"elementor-element elementor-element-31f5276 elementor-widget elementor-widget-spacer\" data-id=\"31f5276\" data-element_type=\"widget\" data-widget_type=\"spacer.default\">\n\t\t\t\t<div class=\"elementor-widget-container\">\n\t\t\t\t\t<div class=\"elementor-spacer\">\n\t\t\t<div class=\"elementor-spacer-inner\"><\/div>\n\t\t<\/div>\n\t\t\t\t<\/div>\n\t\t\t\t<\/div>\n\t\t\t\t\t<\/div>\n\t\t<\/div>\n\t\t\t\t\t\t\t<\/div>\n\t\t<\/section>\n\t\t\t\t<section class=\"elementor-section elementor-top-section elementor-element elementor-element-5ce6a3c elementor-section-boxed elementor-section-height-default elementor-section-height-default\" data-id=\"5ce6a3c\" data-element_type=\"section\">\n\t\t\t\t\t\t<div class=\"elementor-container elementor-column-gap-default\">\n\t\t\t\t\t<div class=\"elementor-column elementor-col-100 elementor-top-column elementor-element elementor-element-a30b622\" data-id=\"a30b622\" data-element_type=\"column\">\n\t\t\t<div class=\"elementor-widget-wrap elementor-element-populated\">\n\t\t\t\t\t\t\t\t<div class=\"elementor-element elementor-element-718213e elementor-widget elementor-widget-kyl_text\" data-id=\"718213e\" data-element_type=\"widget\" data-widget_type=\"kyl_text.default\">\n\t\t\t\t<div class=\"elementor-widget-container\">\n\t\t\t\n        <div class=\"kyl_text is-left\">\n            <div class=\"container\">\n\t\t\t\t\n\t\t\t                <div class=\"text\">\n\t\t\t\t\t<p>Diese Erfah\u00adrung legte den Grund\u00adstein f\u00fcr Africa GreenTec und den Traum, Menschen durch nach\u00adhaltige Energie\u00adl\u00f6sungen, wie z. B. Solar\u00adener\u00adgie, zu st\u00e4rken.<\/p><p>Im Jahr 2016 haben wir den welt\u00adweit ersten Solartainer in Mourdiah, Mali, installiert. Seit\u00addem hat sich viel getan: In den vergan\u00adgenen Jahren sind 19 weitere Elektri\u00adfizierungs\u00adprojekte von uns in Mali dazu\u00adge\u00adkommen. An diesen ImpactSites wollen wir nun unsere Dienst\u00adleistungen mit unseren ImpactProdukten wie dem Cooltainer, Watertainer und PumpUPs erweitern, um unsere Wirkungs\u00adkraft und Unter\u00adst\u00fctzung f\u00fcr die Communities zu erh\u00f6hen.<\/p>                <\/div>\n\t\t\t\n\t\t\t        <\/div>\n        <\/div>\n\t\t\t\t<\/div>\n\t\t\t\t<\/div>\n\t\t\t\t<div class=\"elementor-element elementor-element-ac79d24 elementor-widget elementor-widget-spacer\" data-id=\"ac79d24\" data-element_type=\"widget\" data-widget_type=\"spacer.default\">\n\t\t\t\t<div class=\"elementor-widget-container\">\n\t\t\t\t\t<div class=\"elementor-spacer\">\n\t\t\t<div class=\"elementor-spacer-inner\"><\/div>\n\t\t<\/div>\n\t\t\t\t<\/div>\n\t\t\t\t<\/div>\n\t\t\t\t<div class=\"elementor-element elementor-element-84b1152 width-full_width elementor-widget elementor-widget-kyl_images\" data-id=\"84b1152\" data-element_type=\"widget\" data-widget_type=\"kyl_images.default\">\n\t\t\t\t<div class=\"elementor-widget-container\">\n\t\t\t\n        <div class=\"kyl_images\" data-count=\"1\">\n\n\t\t\t                <div class=\"image image1 \">\n\t\t\t\t\t<img decoding=\"async\" src=\"https:\/\/africagreentec.com.dev.kalayourlife.com\/wp-content\/uploads\/2023\/11\/PatrickReimersDJI_0727.jpg\" title=\"PatrickReimersDJI_0727\" alt=\"PatrickReimersDJI_0727\" loading=\"lazy\" \/>\n\t\t\t\t\t                <\/div>\n\t\t\t\n\t\t\t\n\n        <\/div>\n\n\t\t\t\t<\/div>\n\t\t\t\t<\/div>\n\t\t\t\t<div class=\"elementor-element elementor-element-c64d6c3 elementor-widget elementor-widget-spacer\" data-id=\"c64d6c3\" data-element_type=\"widget\" data-widget_type=\"spacer.default\">\n\t\t\t\t<div class=\"elementor-widget-container\">\n\t\t\t\t\t<div class=\"elementor-spacer\">\n\t\t\t<div class=\"elementor-spacer-inner\"><\/div>\n\t\t<\/div>\n\t\t\t\t<\/div>\n\t\t\t\t<\/div>\n\t\t\t\t\t<\/div>\n\t\t<\/div>\n\t\t\t\t\t\t\t<\/div>\n\t\t<\/section>\n\t\t\t\t<section class=\"elementor-section elementor-top-section elementor-element elementor-element-081cc0d elementor-section-boxed elementor-section-height-default elementor-section-height-default\" data-id=\"081cc0d\" data-element_type=\"section\">\n\t\t\t\t\t\t<div class=\"elementor-container elementor-column-gap-default\">\n\t\t\t\t\t<div class=\"elementor-column elementor-col-100 elementor-top-column elementor-element elementor-element-eb4c355\" data-id=\"eb4c355\" data-element_type=\"column\">\n\t\t\t<div class=\"elementor-widget-wrap elementor-element-populated\">\n\t\t\t\t\t\t\t\t<div class=\"elementor-element elementor-element-4482d8a elementor-widget elementor-widget-kyl_teaser_contentpage\" data-id=\"4482d8a\" data-element_type=\"widget\" data-widget_type=\"kyl_teaser_contentpage.default\">\n\t\t\t\t<div class=\"elementor-widget-container\">\n\t\t\t\n        <div class=\"kyl_teaser_contentpage color-light-sage\">\n\n                            <h3 class=\"headline\">\n                    COUNTRY&shy;STORIES                <\/h3>\n            \n            <div class=\"swiper\">\n                <div class=\"swiper-wrapper\">\n                                            <div class=\"swiper-slide\">\n                                                        <a href=\"https:\/\/africagreentec.com.dev.kalayourlife.com\/fr\/impactblog\/countrystory-senegal-du-semi-desert-sec-a-la-foret-tropicale\/\">\n                                                            <img loading=\"lazy\" width=\"300\" height=\"200\" src=\"https:\/\/africagreentec.com.dev.kalayourlife.com\/wp-content\/uploads\/2023\/06\/AGT01191-1200px-300x200.jpg\" class=\"image\" alt=\"AGT01191- 1200px\" decoding=\"async\" title=\"AGT01191- 1200px\" srcset=\"https:\/\/africagreentec.com.dev.kalayourlife.com\/wp-content\/uploads\/2023\/06\/AGT01191-1200px-300x200.jpg 300w, https:\/\/africagreentec.com.dev.kalayourlife.com\/wp-content\/uploads\/2023\/06\/AGT01191-1200px-1024x683.jpg 1024w, https:\/\/africagreentec.com.dev.kalayourlife.com\/wp-content\/uploads\/2023\/06\/AGT01191-1200px-768x512.jpg 768w, https:\/\/africagreentec.com.dev.kalayourlife.com\/wp-content\/uploads\/2023\/06\/AGT01191-1200px.jpg 1200w\" sizes=\"(max-width: 300px) 100vw, 300px\" \/>                                <div class=\"title\">\n                                    #CountryStory Senegal \u2013 du semi-d\u00e9sert sec \u00e0 la for\u00eat tropicale                                <\/div>\n                                                                <span class=\"icon\"><\/span>\n                            <\/a>\n                                                <\/div>\n                                            <div class=\"swiper-slide\">\n                                                        <a href=\"https:\/\/africagreentec.com.dev.kalayourlife.com\/fr\/impactblog\/countrystory-madagascar-unique-par-sa-nature-et-sa-culture\/\">\n                                                            <img loading=\"lazy\" width=\"300\" height=\"193\" src=\"https:\/\/africagreentec.com.dev.kalayourlife.com\/wp-content\/uploads\/2021\/07\/image5-300x193.png\" class=\"image\" alt=\"image5\" decoding=\"async\" title=\"image5\" srcset=\"https:\/\/africagreentec.com.dev.kalayourlife.com\/wp-content\/uploads\/2021\/07\/image5-300x193.png 300w, https:\/\/africagreentec.com.dev.kalayourlife.com\/wp-content\/uploads\/2021\/07\/image5-1024x660.png 1024w, https:\/\/africagreentec.com.dev.kalayourlife.com\/wp-content\/uploads\/2021\/07\/image5-768x495.png 768w, https:\/\/africagreentec.com.dev.kalayourlife.com\/wp-content\/uploads\/2021\/07\/image5-1536x990.png 1536w, https:\/\/africagreentec.com.dev.kalayourlife.com\/wp-content\/uploads\/2021\/07\/image5.png 1999w\" sizes=\"(max-width: 300px) 100vw, 300px\" \/>                                <div class=\"title\">\n                                    #CountryStory Madagascar : Unique par sa nature et sa culture                                <\/div>\n                                                                <span class=\"icon\"><\/span>\n                            <\/a>\n                                                <\/div>\n                                            <div class=\"swiper-slide\">\n                                                        <a href=\"https:\/\/africagreentec.com.dev.kalayourlife.com\/fr\/impactblog\/countrystory-niger-als-neuer-markt-mit-grossen-chancen\/\">\n                                                            <img loading=\"lazy\" width=\"300\" height=\"225\" src=\"https:\/\/africagreentec.com.dev.kalayourlife.com\/wp-content\/uploads\/2023\/03\/image5-300x225.jpg\" class=\"image\" alt=\"image5\" decoding=\"async\" title=\"image5\" srcset=\"https:\/\/africagreentec.com.dev.kalayourlife.com\/wp-content\/uploads\/2023\/03\/image5-300x225.jpg 300w, https:\/\/africagreentec.com.dev.kalayourlife.com\/wp-content\/uploads\/2023\/03\/image5-1024x768.jpg 1024w, https:\/\/africagreentec.com.dev.kalayourlife.com\/wp-content\/uploads\/2023\/03\/image5-768x576.jpg 768w, https:\/\/africagreentec.com.dev.kalayourlife.com\/wp-content\/uploads\/2023\/03\/image5-1536x1153.jpg 1536w, https:\/\/africagreentec.com.dev.kalayourlife.com\/wp-content\/uploads\/2023\/03\/image5.jpg 1999w\" sizes=\"(max-width: 300px) 100vw, 300px\" \/>                                <div class=\"title\">\n                                    #CountryStory Niger \u2013 Un nouveau march\u00e9 aux grandes opportunit\u00e9s                                <\/div>\n                                                                <span class=\"icon\"><\/span>\n                            <\/a>\n                                                <\/div>\n                                    <\/div>\n            <\/div>\n        <\/div>\n\n        \t\t<\/div>\n\t\t\t\t<\/div>\n\t\t\t\t\t<\/div>\n\t\t<\/div>\n\t\t\t\t\t\t\t<\/div>\n\t\t<\/section>\n\t\t\t\t\t\t\t<\/div>\n\t\t","protected":false},"featured_media":9851,"template":"","impactblog_kategorien":[67],"acf":[],"yoast_head":"<!-- This site is optimized with the Yoast SEO plugin v21.4 - https:\/\/yoast.com\/wordpress\/plugins\/seo\/ -->\n<title>#CountryStory Mali - Africa GreenTec AG<\/title>\n<meta name=\"description\" content=\"Le Mali a une importance toute particuli\u00e8re pour nous : c&#039;est l\u00e0 qu&#039;est n\u00e9e l&#039;id\u00e9e d&#039;Africa GreenTec et c&#039;est l\u00e0 que nous avons r\u00e9alis\u00e9 notre tout premier projet pilote.\" \/>\n<meta name=\"robots\" content=\"noindex, follow, max-snippet:-1, max-image-preview:large, max-video-preview:-1\" \/>\n<meta property=\"og:locale\" content=\"fr_FR\" \/>\n<meta property=\"og:type\" content=\"article\" \/>\n<meta property=\"og:title\" content=\"#CountryStory Mali - Africa GreenTec AG\" \/>\n<meta property=\"og:description\" content=\"Le Mali a une importance toute particuli\u00e8re pour nous : c&#039;est l\u00e0 qu&#039;est n\u00e9e l&#039;id\u00e9e d&#039;Africa GreenTec et c&#039;est l\u00e0 que nous avons r\u00e9alis\u00e9 notre tout premier projet pilote.\" \/>\n<meta property=\"og:url\" content=\"https:\/\/africagreentec.com.dev.kalayourlife.com\/fr\/impactblog\/countrystory-mali\/\" \/>\n<meta property=\"og:site_name\" content=\"Africa GreenTec AG\" \/>\n<meta property=\"article:publisher\" content=\"https:\/\/de-de.facebook.com\/AfricaGreenTec\/\" \/>\n<meta property=\"article:modified_time\" content=\"2023-12-15T08:27:26+00:00\" \/>\n<meta property=\"og:image\" content=\"https:\/\/africagreentec.com.dev.kalayourlife.com\/wp-content\/uploads\/2023\/11\/PatrickReimers_DSF7723.jpg\" \/>\n\t<meta property=\"og:image:width\" content=\"1920\" \/>\n\t<meta property=\"og:image:height\" content=\"1280\" \/>\n\t<meta property=\"og:image:type\" content=\"image\/jpeg\" \/>\n<meta name=\"twitter:card\" content=\"summary_large_image\" \/>\n<meta name=\"twitter:site\" content=\"@AfricaGreenTec\" \/>\n<meta name=\"twitter:label1\" content=\"Dur\u00e9e de lecture estim\u00e9e\" \/>\n\t<meta name=\"twitter:data1\" content=\"8 minutes\" \/>\n<script type=\"application\/ld+json\" class=\"yoast-schema-graph\">{\"@context\":\"https:\/\/schema.org\",\"@graph\":[{\"@type\":\"WebPage\",\"@id\":\"https:\/\/africagreentec.com.dev.kalayourlife.com\/fr\/impactblog\/countrystory-mali\/\",\"url\":\"https:\/\/africagreentec.com.dev.kalayourlife.com\/fr\/impactblog\/countrystory-mali\/\",\"name\":\"#CountryStory Mali - Africa GreenTec AG\",\"isPartOf\":{\"@id\":\"https:\/\/africagreentec.com.dev.kalayourlife.com\/fr\/#website\"},\"datePublished\":\"2023-11-07T09:07:41+00:00\",\"dateModified\":\"2023-12-15T08:27:26+00:00\",\"description\":\"Le Mali a une importance toute particuli\u00e8re pour nous : c'est l\u00e0 qu'est n\u00e9e l'id\u00e9e d'Africa GreenTec et c'est l\u00e0 que nous avons r\u00e9alis\u00e9 notre tout premier projet pilote.\",\"breadcrumb\":{\"@id\":\"https:\/\/africagreentec.com.dev.kalayourlife.com\/fr\/impactblog\/countrystory-mali\/#breadcrumb\"},\"inLanguage\":\"fr-FR\",\"potentialAction\":[{\"@type\":\"ReadAction\",\"target\":[\"https:\/\/africagreentec.com.dev.kalayourlife.com\/fr\/impactblog\/countrystory-mali\/\"]}]},{\"@type\":\"BreadcrumbList\",\"@id\":\"https:\/\/africagreentec.com.dev.kalayourlife.com\/fr\/impactblog\/countrystory-mali\/#breadcrumb\",\"itemListElement\":[{\"@type\":\"ListItem\",\"position\":1,\"name\":\"Startseite\",\"item\":\"https:\/\/africagreentec.com.dev.kalayourlife.com\/fr\/\"},{\"@type\":\"ListItem\",\"position\":2,\"name\":\"Impactblog\",\"item\":\"https:\/\/africagreentec.com.dev.kalayourlife.com\/fr\/impactblog\/\"},{\"@type\":\"ListItem\",\"position\":3,\"name\":\"#CountryStory Mali\"}]},{\"@type\":\"WebSite\",\"@id\":\"https:\/\/africagreentec.com.dev.kalayourlife.com\/fr\/#website\",\"url\":\"https:\/\/africagreentec.com.dev.kalayourlife.com\/fr\/\",\"name\":\"Africa GreenTec AG\",\"description\":\"\",\"publisher\":{\"@id\":\"https:\/\/africagreentec.com.dev.kalayourlife.com\/fr\/#organization\"},\"potentialAction\":[{\"@type\":\"SearchAction\",\"target\":{\"@type\":\"EntryPoint\",\"urlTemplate\":\"https:\/\/africagreentec.com.dev.kalayourlife.com\/fr\/?s={search_term_string}\"},\"query-input\":\"required name=search_term_string\"}],\"inLanguage\":\"fr-FR\"},{\"@type\":\"Organization\",\"@id\":\"https:\/\/africagreentec.com.dev.kalayourlife.com\/fr\/#organization\",\"name\":\"Africa GreenTec AG\",\"url\":\"https:\/\/africagreentec.com.dev.kalayourlife.com\/fr\/\",\"logo\":{\"@type\":\"ImageObject\",\"inLanguage\":\"fr-FR\",\"@id\":\"https:\/\/africagreentec.com.dev.kalayourlife.com\/fr\/#\/schema\/logo\/image\/\",\"url\":\"https:\/\/africagreentec.com.dev.kalayourlife.com\/wp-content\/uploads\/2023\/01\/AGT_Logo_BC-22-07-22.svg\",\"contentUrl\":\"https:\/\/africagreentec.com.dev.kalayourlife.com\/wp-content\/uploads\/2023\/01\/AGT_Logo_BC-22-07-22.svg\",\"width\":580,\"height\":249,\"caption\":\"Africa GreenTec AG\"},\"image\":{\"@id\":\"https:\/\/africagreentec.com.dev.kalayourlife.com\/fr\/#\/schema\/logo\/image\/\"},\"sameAs\":[\"https:\/\/de-de.facebook.com\/AfricaGreenTec\/\",\"https:\/\/twitter.com\/AfricaGreenTec\",\"https:\/\/de.linkedin.com\/company\/africa-greentec\",\"https:\/\/www.instagram.com\/africa_greentec\/\"]}]}<\/script>\n<!-- \/ Yoast SEO plugin. -->","yoast_head_json":{"title":"#CountryStory Mali - Africa GreenTec AG","description":"Le Mali a une importance toute particuli\u00e8re pour nous : c'est l\u00e0 qu'est n\u00e9e l'id\u00e9e d'Africa GreenTec et c'est l\u00e0 que nous avons r\u00e9alis\u00e9 notre tout premier projet pilote.","robots":{"index":"noindex","follow":"follow","max-snippet":"max-snippet:-1","max-image-preview":"max-image-preview:large","max-video-preview":"max-video-preview:-1"},"og_locale":"fr_FR","og_type":"article","og_title":"#CountryStory Mali - Africa GreenTec AG","og_description":"Le Mali a une importance toute particuli\u00e8re pour nous : c'est l\u00e0 qu'est n\u00e9e l'id\u00e9e d'Africa GreenTec et c'est l\u00e0 que nous avons r\u00e9alis\u00e9 notre tout premier projet pilote.","og_url":"https:\/\/africagreentec.com.dev.kalayourlife.com\/fr\/impactblog\/countrystory-mali\/","og_site_name":"Africa GreenTec AG","article_publisher":"https:\/\/de-de.facebook.com\/AfricaGreenTec\/","article_modified_time":"2023-12-15T08:27:26+00:00","og_image":[{"width":1920,"height":1280,"url":"https:\/\/africagreentec.com.dev.kalayourlife.com\/wp-content\/uploads\/2023\/11\/PatrickReimers_DSF7723.jpg","type":"image\/jpeg"}],"twitter_card":"summary_large_image","twitter_site":"@AfricaGreenTec","twitter_misc":{"Dur\u00e9e de lecture estim\u00e9e":"8 minutes"},"schema":{"@context":"https:\/\/schema.org","@graph":[{"@type":"WebPage","@id":"https:\/\/africagreentec.com.dev.kalayourlife.com\/fr\/impactblog\/countrystory-mali\/","url":"https:\/\/africagreentec.com.dev.kalayourlife.com\/fr\/impactblog\/countrystory-mali\/","name":"#CountryStory Mali - Africa GreenTec AG","isPartOf":{"@id":"https:\/\/africagreentec.com.dev.kalayourlife.com\/fr\/#website"},"datePublished":"2023-11-07T09:07:41+00:00","dateModified":"2023-12-15T08:27:26+00:00","description":"Le Mali a une importance toute particuli\u00e8re pour nous : c'est l\u00e0 qu'est n\u00e9e l'id\u00e9e d'Africa GreenTec et c'est l\u00e0 que nous avons r\u00e9alis\u00e9 notre tout premier projet pilote.","breadcrumb":{"@id":"https:\/\/africagreentec.com.dev.kalayourlife.com\/fr\/impactblog\/countrystory-mali\/#breadcrumb"},"inLanguage":"fr-FR","potentialAction":[{"@type":"ReadAction","target":["https:\/\/africagreentec.com.dev.kalayourlife.com\/fr\/impactblog\/countrystory-mali\/"]}]},{"@type":"BreadcrumbList","@id":"https:\/\/africagreentec.com.dev.kalayourlife.com\/fr\/impactblog\/countrystory-mali\/#breadcrumb","itemListElement":[{"@type":"ListItem","position":1,"name":"Startseite","item":"https:\/\/africagreentec.com.dev.kalayourlife.com\/fr\/"},{"@type":"ListItem","position":2,"name":"Impactblog","item":"https:\/\/africagreentec.com.dev.kalayourlife.com\/fr\/impactblog\/"},{"@type":"ListItem","position":3,"name":"#CountryStory Mali"}]},{"@type":"WebSite","@id":"https:\/\/africagreentec.com.dev.kalayourlife.com\/fr\/#website","url":"https:\/\/africagreentec.com.dev.kalayourlife.com\/fr\/","name":"Africa GreenTec AG","description":"","publisher":{"@id":"https:\/\/africagreentec.com.dev.kalayourlife.com\/fr\/#organization"},"potentialAction":[{"@type":"SearchAction","target":{"@type":"EntryPoint","urlTemplate":"https:\/\/africagreentec.com.dev.kalayourlife.com\/fr\/?s={search_term_string}"},"query-input":"required name=search_term_string"}],"inLanguage":"fr-FR"},{"@type":"Organization","@id":"https:\/\/africagreentec.com.dev.kalayourlife.com\/fr\/#organization","name":"Africa GreenTec AG","url":"https:\/\/africagreentec.com.dev.kalayourlife.com\/fr\/","logo":{"@type":"ImageObject","inLanguage":"fr-FR","@id":"https:\/\/africagreentec.com.dev.kalayourlife.com\/fr\/#\/schema\/logo\/image\/","url":"https:\/\/africagreentec.com.dev.kalayourlife.com\/wp-content\/uploads\/2023\/01\/AGT_Logo_BC-22-07-22.svg","contentUrl":"https:\/\/africagreentec.com.dev.kalayourlife.com\/wp-content\/uploads\/2023\/01\/AGT_Logo_BC-22-07-22.svg","width":580,"height":249,"caption":"Africa GreenTec AG"},"image":{"@id":"https:\/\/africagreentec.com.dev.kalayourlife.com\/fr\/#\/schema\/logo\/image\/"},"sameAs":["https:\/\/de-de.facebook.com\/AfricaGreenTec\/","https:\/\/twitter.com\/AfricaGreenTec","https:\/\/de.linkedin.com\/company\/africa-greentec","https:\/\/www.instagram.com\/africa_greentec\/"]}]}},"_links":{"self":[{"href":"https:\/\/africagreentec.com.dev.kalayourlife.com\/fr\/wp-json\/wp\/v2\/impactblog\/10076"}],"collection":[{"href":"https:\/\/africagreentec.com.dev.kalayourlife.com\/fr\/wp-json\/wp\/v2\/impactblog"}],"about":[{"href":"https:\/\/africagreentec.com.dev.kalayourlife.com\/fr\/wp-json\/wp\/v2\/types\/impactblog"}],"version-history":[{"count":17,"href":"https:\/\/africagreentec.com.dev.kalayourlife.com\/fr\/wp-json\/wp\/v2\/impactblog\/10076\/revisions"}],"predecessor-version":[{"id":16245,"href":"https:\/\/africagreentec.com.dev.kalayourlife.com\/fr\/wp-json\/wp\/v2\/impactblog\/10076\/revisions\/16245"}],"wp:featuredmedia":[{"embeddable":true,"href":"https:\/\/africagreentec.com.dev.kalayourlife.com\/fr\/wp-json\/wp\/v2\/media\/9851"}],"wp:attachment":[{"href":"https:\/\/africagreentec.com.dev.kalayourlife.com\/fr\/wp-json\/wp\/v2\/media?parent=10076"}],"wp:term":[{"taxonomy":"impactblog_kategorien","embeddable":true,"href":"https:\/\/africagreentec.com.dev.kalayourlife.com\/fr\/wp-json\/wp\/v2\/impactblog_kategorien?post=10076"}],"curies":[{"name":"wp","href":"https:\/\/api.w.org\/{rel}","templated":true}]}}