{"id":10394,"date":"2021-09-08T14:53:05","date_gmt":"2021-09-08T12:53:05","guid":{"rendered":"https:\/\/africagreentec.com.dev.kalayourlife.com\/impactblog\/deux-prix-importants-en-deux-jours-africa-greentec-remporte-le-prix-de-limpact-durable-et-torsten-schreiber-est-distingue-par-portfolio-en-tant-que-leader-dopinion\/"},"modified":"2023-12-05T11:23:02","modified_gmt":"2023-12-05T10:23:02","slug":"deux-prix-importants-en-deux-jours-africa-greentec-remporte-le-prix-de-limpact-durable-et-torsten-schreiber-est-distingue-par-portfolio-en-tant-que-leader-dopinion","status":"publish","type":"impactblog","link":"https:\/\/africagreentec.com.dev.kalayourlife.com\/fr\/impactblog\/deux-prix-importants-en-deux-jours-africa-greentec-remporte-le-prix-de-limpact-durable-et-torsten-schreiber-est-distingue-par-portfolio-en-tant-que-leader-dopinion\/","title":{"rendered":"Deux prix importants en deux jours"},"content":{"rendered":"\t\t<div data-elementor-type=\"wp-post\" data-elementor-id=\"10394\" class=\"elementor elementor-10394 elementor-7339\" data-elementor-post-type=\"impactblog\">\n\t\t\t\t\t\t\t\t\t<section class=\"elementor-section elementor-top-section elementor-element elementor-element-ff72b54 elementor-section-boxed elementor-section-height-default elementor-section-height-default\" data-id=\"ff72b54\" data-element_type=\"section\">\n\t\t\t\t\t\t<div class=\"elementor-container elementor-column-gap-default\">\n\t\t\t\t\t<div class=\"elementor-column elementor-col-100 elementor-top-column elementor-element elementor-element-75c0582\" data-id=\"75c0582\" data-element_type=\"column\">\n\t\t\t<div class=\"elementor-widget-wrap elementor-element-populated\">\n\t\t\t\t\t\t\t\t<div class=\"elementor-element elementor-element-534cffd elementor-widget elementor-widget-kyl_breadcrumb\" data-id=\"534cffd\" data-element_type=\"widget\" data-widget_type=\"kyl_breadcrumb.default\">\n\t\t\t\t<div class=\"elementor-widget-container\">\n\t\t\t\n        <div class=\"kyl_breadcrumb\">\n            <div class=\"wrapper\">\n                <a class=\"home\" href=\"\/\">Home<\/a>\n\n\t\t\t\t            <span class=\"delimiter\"><\/span>\n\t\t\t                <span>Deux prix importants en deux jours<\/span>\n\t\t\t            <\/div>\n        <\/div>\n\t\t\t\t<\/div>\n\t\t\t\t<\/div>\n\t\t\t\t<div class=\"elementor-element elementor-element-6b20492 elementor-widget elementor-widget-spacer\" data-id=\"6b20492\" data-element_type=\"widget\" data-widget_type=\"spacer.default\">\n\t\t\t\t<div class=\"elementor-widget-container\">\n\t\t\t<style>\/*! elementor - v3.16.0 - 17-10-2023 *\/\n.elementor-column .elementor-spacer-inner{height:var(--spacer-size)}.e-con{--container-widget-width:100%}.e-con-inner>.elementor-widget-spacer,.e-con>.elementor-widget-spacer{width:var(--container-widget-width,var(--spacer-size));--align-self:var(--container-widget-align-self,initial);--flex-shrink:0}.e-con-inner>.elementor-widget-spacer>.elementor-widget-container,.e-con>.elementor-widget-spacer>.elementor-widget-container{height:100%;width:100%}.e-con-inner>.elementor-widget-spacer>.elementor-widget-container>.elementor-spacer,.e-con>.elementor-widget-spacer>.elementor-widget-container>.elementor-spacer{height:100%}.e-con-inner>.elementor-widget-spacer>.elementor-widget-container>.elementor-spacer>.elementor-spacer-inner,.e-con>.elementor-widget-spacer>.elementor-widget-container>.elementor-spacer>.elementor-spacer-inner{height:var(--container-widget-height,var(--spacer-size))}.e-con-inner>.elementor-widget-spacer.elementor-widget-empty,.e-con>.elementor-widget-spacer.elementor-widget-empty{position:relative;min-height:22px;min-width:22px}.e-con-inner>.elementor-widget-spacer.elementor-widget-empty .elementor-widget-empty-icon,.e-con>.elementor-widget-spacer.elementor-widget-empty .elementor-widget-empty-icon{position:absolute;top:0;bottom:0;left:0;right:0;margin:auto;padding:0;width:22px;height:22px}<\/style>\t\t<div class=\"elementor-spacer\">\n\t\t\t<div class=\"elementor-spacer-inner\"><\/div>\n\t\t<\/div>\n\t\t\t\t<\/div>\n\t\t\t\t<\/div>\n\t\t\t\t\t<\/div>\n\t\t<\/div>\n\t\t\t\t\t\t\t<\/div>\n\t\t<\/section>\n\t\t\t\t<section class=\"elementor-section elementor-top-section elementor-element elementor-element-15e943a elementor-section-boxed elementor-section-height-default elementor-section-height-default\" data-id=\"15e943a\" data-element_type=\"section\">\n\t\t\t\t\t\t<div class=\"elementor-container elementor-column-gap-default\">\n\t\t\t\t\t<div class=\"elementor-column elementor-col-100 elementor-top-column elementor-element elementor-element-b3de5ff\" data-id=\"b3de5ff\" data-element_type=\"column\">\n\t\t\t<div class=\"elementor-widget-wrap elementor-element-populated\">\n\t\t\t\t\t\t\t\t<div class=\"elementor-element elementor-element-fb9ba13 elementor-widget elementor-widget-kyl_headline\" data-id=\"fb9ba13\" data-element_type=\"widget\" data-widget_type=\"kyl_headline.default\">\n\t\t\t\t<div class=\"elementor-widget-container\">\n\t\t\t\n        <div class=\"kyl_headline\">\n            <div class=\"container\">\n\n                <h1 class=\"headline\">\n                    Deux prix importants en deux jours \u2013 Africa GreenTec remporte le prix de l\u2019impact durable et Torsten Schreiber est distingu\u00e9 par Portfolio en tant que leader d\u2019opinion                <\/h1>\n\n            <\/div>\n        <\/div>\n\n\t\t\t\t<\/div>\n\t\t\t\t<\/div>\n\t\t\t\t<div class=\"elementor-element elementor-element-d2838da elementor-widget elementor-widget-spacer\" data-id=\"d2838da\" data-element_type=\"widget\" data-widget_type=\"spacer.default\">\n\t\t\t\t<div class=\"elementor-widget-container\">\n\t\t\t\t\t<div class=\"elementor-spacer\">\n\t\t\t<div class=\"elementor-spacer-inner\"><\/div>\n\t\t<\/div>\n\t\t\t\t<\/div>\n\t\t\t\t<\/div>\n\t\t\t\t<div class=\"elementor-element elementor-element-843151c elementor-widget elementor-widget-kyl_author\" data-id=\"843151c\" data-element_type=\"widget\" data-widget_type=\"kyl_author.default\">\n\t\t\t\t<div class=\"elementor-widget-container\">\n\t\t\t\n        <div class=\"kyl_author\">\n\n            <img decoding=\"async\" class=\"author\"\n                 src=\"https:\/\/africagreentec.com.dev.kalayourlife.com\/wp-content\/uploads\/2023\/03\/Element-1@2x-1-150x150.png\"\n                 srcset=\"https:\/\/africagreentec.com.dev.kalayourlife.com\/wp-content\/uploads\/2023\/03\/Element-1@2x-1-218x300.png 218w, https:\/\/africagreentec.com.dev.kalayourlife.com\/wp-content\/uploads\/2023\/03\/Element-1@2x-1-745x1024.png 745w, https:\/\/africagreentec.com.dev.kalayourlife.com\/wp-content\/uploads\/2023\/03\/Element-1@2x-1-768x1055.png 768w, https:\/\/africagreentec.com.dev.kalayourlife.com\/wp-content\/uploads\/2023\/03\/Element-1@2x-1-1118x1536.png 1118w, https:\/\/africagreentec.com.dev.kalayourlife.com\/wp-content\/uploads\/2023\/03\/Element-1@2x-1.png 1139w\"\n                 alt=\"\">\n            <div class=\"text\">\n                <span class=\"name\">\n                    Marie<br \/>\n08 septembre 2021                <\/span>\n                <br>\n            <\/div>\n\n        <\/div>\n\n\t\t\t\t<\/div>\n\t\t\t\t<\/div>\n\t\t\t\t<div class=\"elementor-element elementor-element-8a9a79b elementor-widget elementor-widget-spacer\" data-id=\"8a9a79b\" data-element_type=\"widget\" data-widget_type=\"spacer.default\">\n\t\t\t\t<div class=\"elementor-widget-container\">\n\t\t\t\t\t<div class=\"elementor-spacer\">\n\t\t\t<div class=\"elementor-spacer-inner\"><\/div>\n\t\t<\/div>\n\t\t\t\t<\/div>\n\t\t\t\t<\/div>\n\t\t\t\t\t<\/div>\n\t\t<\/div>\n\t\t\t\t\t\t\t<\/div>\n\t\t<\/section>\n\t\t\t\t<section class=\"elementor-section elementor-top-section elementor-element elementor-element-3972f03 elementor-section-boxed elementor-section-height-default elementor-section-height-default\" data-id=\"3972f03\" data-element_type=\"section\">\n\t\t\t\t\t\t<div class=\"elementor-container elementor-column-gap-default\">\n\t\t\t\t\t<div class=\"elementor-column elementor-col-100 elementor-top-column elementor-element elementor-element-7026fec\" data-id=\"7026fec\" data-element_type=\"column\">\n\t\t\t<div class=\"elementor-widget-wrap elementor-element-populated\">\n\t\t\t\t\t\t\t\t<div class=\"elementor-element elementor-element-10d6756 elementor-widget elementor-widget-kyl_text\" data-id=\"10d6756\" data-element_type=\"widget\" data-widget_type=\"kyl_text.default\">\n\t\t\t\t<div class=\"elementor-widget-container\">\n\t\t\t\n        <div class=\"kyl_text is-left\">\n            <div class=\"container\">\n\t\t\t\t\n\t\t\t                <div class=\"text\">\n\t\t\t\t\t<p>En l\u2019espace de deux jours seulement, Africa GreenTec et Torsten Schreiber, notre PDG et fondateur, ont re\u00e7u deux prix prestigieux : le \u00ab <strong>Vordenker<\/strong> \u00bb Leserpreis 2021 du <em>portfolio institutionell Verlag<\/em> (pour Torsten Schreiber) et le Sustainable Impact Award (pour Africa GreenTec). Nous sommes extr\u00eamement heureux de ces deux grandes reconnaissances et nous aimerions vous en dire un peu plus sur les prix et leurs attributions.<\/p>                <\/div>\n\t\t\t\n\t\t\t        <\/div>\n        <\/div>\n\t\t\t\t<\/div>\n\t\t\t\t<\/div>\n\t\t\t\t<div class=\"elementor-element elementor-element-4490d16 elementor-widget elementor-widget-spacer\" data-id=\"4490d16\" data-element_type=\"widget\" data-widget_type=\"spacer.default\">\n\t\t\t\t<div class=\"elementor-widget-container\">\n\t\t\t\t\t<div class=\"elementor-spacer\">\n\t\t\t<div class=\"elementor-spacer-inner\"><\/div>\n\t\t<\/div>\n\t\t\t\t<\/div>\n\t\t\t\t<\/div>\n\t\t\t\t\t<\/div>\n\t\t<\/div>\n\t\t\t\t\t\t\t<\/div>\n\t\t<\/section>\n\t\t\t\t<section class=\"elementor-section elementor-top-section elementor-element elementor-element-a5b698e elementor-section-full_width elementor-section-height-default elementor-section-height-default\" data-id=\"a5b698e\" data-element_type=\"section\">\n\t\t\t\t\t\t<div class=\"elementor-container elementor-column-gap-default\">\n\t\t\t\t\t<div class=\"elementor-column elementor-col-100 elementor-top-column elementor-element elementor-element-f4675ae\" data-id=\"f4675ae\" data-element_type=\"column\">\n\t\t\t<div class=\"elementor-widget-wrap elementor-element-populated\">\n\t\t\t\t\t\t\t\t<div class=\"elementor-element elementor-element-4b73ce8 elementor-widget elementor-widget-kyl_image_teaser_slant_medium\" data-id=\"4b73ce8\" data-element_type=\"widget\" data-widget_type=\"kyl_image_teaser_slant_medium.default\">\n\t\t\t\t<div class=\"elementor-widget-container\">\n\t\t\t\n        <div class=\"kyl_image_teaser_slant_medium\">\n            <div class=\"container is-left\">\n                <div class=\"wrapper-image\">\n\t\t\t\t\t\t\t\t\t\t\t                        <img decoding=\"async\" src=\"https:\/\/africagreentec.com.dev.kalayourlife.com\/wp-content\/uploads\/2021\/09\/Torsten_Schreiber_2.jpg\" alt=\"Torsten_Schreiber_2\" title=\"Torsten_Schreiber_2\" class=\"image calc-slant calc-slant-right\">\n\t\t\t\t\t                <\/div>\n                <div class=\"wrapper-text\">\n\n\t\t\t\t\t\n\t\t\t\t\t<h3                    class=\"headline\">\n\t\t\t\t\t\t\t\t\t\tLe gagnant du prix des lecteurs du portfolio institutionell Verlag de cette ann\u00e9e a \u00e9t\u00e9 annonc\u00e9 : F\u00e9licitations, Torsten Schreiber!                <\/h3>\n\t\t\t\t                    <div class=\"text\">\n\t\t\t\t\t\t<p>Notre PDG et fondateur d\u2019Africa GreenTec, <a href=\"https:\/\/www.portfolio-institutionell.de\/weisser-rauch-ueber-dem-konklave-der-leser-von-portfolio-institutionell\/\">Torsten Schreiber, a remport\u00e9 cette ann\u00e9e le prix des lecteurs 2021 de la maison d\u2019\u00e9dition <em>portfolio institutionell<\/em><\/a> avec une large marge!<\/p><p>Nous sommes tr\u00e8s heureux de cette belle reconnaissance et nous tenons \u00e0 remercier toutes les personnes impliqu\u00e9es. Chaque ann\u00e9e, les r\u00e9dacteurs de portfolio institutionell d\u00e9signent cinq personnalit\u00e9s, qui peuvent ensuite \u00eatre soumises au vote des lecteurs du magazine professionnel. Le fait que nous ayons convaincu les lecteurs de portfolio institutionell de notre travail cette ann\u00e9e nous rend tr\u00e8s heureux et ne fait que renforcer notre conviction que nous sommes sur la bonne voie avec notre entreprise.<\/p>                    <\/div>\n\t\t\t\t\n\t\t\t\t\n            <\/div>\n        <\/div>\n        <\/div>\n\n\t\t\t\t<\/div>\n\t\t\t\t<\/div>\n\t\t\t\t<div class=\"elementor-element elementor-element-6f8735b elementor-widget elementor-widget-spacer\" data-id=\"6f8735b\" data-element_type=\"widget\" data-widget_type=\"spacer.default\">\n\t\t\t\t<div class=\"elementor-widget-container\">\n\t\t\t\t\t<div class=\"elementor-spacer\">\n\t\t\t<div class=\"elementor-spacer-inner\"><\/div>\n\t\t<\/div>\n\t\t\t\t<\/div>\n\t\t\t\t<\/div>\n\t\t\t\t\t<\/div>\n\t\t<\/div>\n\t\t\t\t\t\t\t<\/div>\n\t\t<\/section>\n\t\t\t\t<section class=\"elementor-section elementor-top-section elementor-element elementor-element-5b1c61a elementor-section-boxed elementor-section-height-default elementor-section-height-default\" data-id=\"5b1c61a\" data-element_type=\"section\">\n\t\t\t\t\t\t<div class=\"elementor-container elementor-column-gap-default\">\n\t\t\t\t\t<div class=\"elementor-column elementor-col-100 elementor-top-column elementor-element elementor-element-0a9a558\" data-id=\"0a9a558\" data-element_type=\"column\">\n\t\t\t<div class=\"elementor-widget-wrap elementor-element-populated\">\n\t\t\t\t\t\t\t\t<div class=\"elementor-element elementor-element-85b380c elementor-widget elementor-widget-kyl_text\" data-id=\"85b380c\" data-element_type=\"widget\" data-widget_type=\"kyl_text.default\">\n\t\t\t\t<div class=\"elementor-widget-container\">\n\t\t\t\n        <div class=\"kyl_text is-left\">\n            <div class=\"container\">\n\t\t\t\t\n\t\t\t                <div class=\"text\">\n\t\t\t\t\t<p>Nous appr\u00e9cions beaucoup cet honneur, d\u2019autant plus que ce prix r\u00e9compense principalement des leaders d\u2019opinion qui ont apport\u00e9 une grande contribution \u00e0 l\u2019investissement institutionnel par leur engagement personnel et politique et qui ont \u00e9t\u00e9 \u00e0 l\u2019origine d\u2019innovations r\u00e9volutionnaires.<\/p><p>Chez Africa GreenTec, nous pensons de mani\u00e8re holistique. Nous consid\u00e9rons que les aspects tels que l\u2019impact \u00e9cologique et social, la protection du climat, l\u2019aide au d\u00e9veloppement, l\u2019att\u00e9nuation de la vague de r\u00e9fugi\u00e9s, les \u00e9nergies renouvelables, l\u2019efficacit\u00e9 \u00e9nerg\u00e9tique et la cr\u00e9ation de perspectives pour les personnes sont mutuellement d\u00e9pendants et nous essayons de cr\u00e9er le plus grand impact possible et une autonomisation durable dans chaque domaine. C\u2019est probablement aussi ce qui a fini par convaincre les lecteurs de l\u2019institution du portefeuille dans leur choix.<\/p><p>Le 1er septembre, l\u2019heure \u00e9tait venue. La c\u00e9r\u00e9monie de remise du prix des lecteurs a eu lieu \u00e0 Berlin. Aida et Torsten Schreiber, Wolfgang Rams (COO et cofondateur) et J\u00f6rg Puschmann (Senior Manager, Crowdfunding) se sont rendus \u00e0 Berlin pour recevoir le prestigieux prix en personne.<\/p>                <\/div>\n\t\t\t\n\t\t\t        <\/div>\n        <\/div>\n\t\t\t\t<\/div>\n\t\t\t\t<\/div>\n\t\t\t\t<div class=\"elementor-element elementor-element-9ee98a1 elementor-widget elementor-widget-spacer\" data-id=\"9ee98a1\" data-element_type=\"widget\" data-widget_type=\"spacer.default\">\n\t\t\t\t<div class=\"elementor-widget-container\">\n\t\t\t\t\t<div class=\"elementor-spacer\">\n\t\t\t<div class=\"elementor-spacer-inner\"><\/div>\n\t\t<\/div>\n\t\t\t\t<\/div>\n\t\t\t\t<\/div>\n\t\t\t\t\t<\/div>\n\t\t<\/div>\n\t\t\t\t\t\t\t<\/div>\n\t\t<\/section>\n\t\t\t\t<section class=\"elementor-section elementor-top-section elementor-element elementor-element-b6ef0d5 elementor-section-full_width elementor-section-height-default elementor-section-height-default\" data-id=\"b6ef0d5\" data-element_type=\"section\">\n\t\t\t\t\t\t<div class=\"elementor-container elementor-column-gap-default\">\n\t\t\t\t\t<div class=\"elementor-column elementor-col-100 elementor-top-column elementor-element elementor-element-4af263d\" data-id=\"4af263d\" data-element_type=\"column\">\n\t\t\t<div class=\"elementor-widget-wrap elementor-element-populated\">\n\t\t\t\t\t\t\t\t<div class=\"elementor-element elementor-element-219517b elementor-widget elementor-widget-kyl_image_teaser_slant_medium\" data-id=\"219517b\" data-element_type=\"widget\" data-widget_type=\"kyl_image_teaser_slant_medium.default\">\n\t\t\t\t<div class=\"elementor-widget-container\">\n\t\t\t\n        <div class=\"kyl_image_teaser_slant_medium\">\n            <div class=\"container is-right\">\n                <div class=\"wrapper-image\">\n\t\t\t\t\t\t\t\t\t\t\t                        <img decoding=\"async\" src=\"https:\/\/africagreentec.com.dev.kalayourlife.com\/wp-content\/uploads\/2023\/08\/IMG_1847.jpg\" alt=\"IMG_1847\" title=\"IMG_1847\" class=\"image calc-slant calc-slant-left\">\n\t\t\t\t\t                <\/div>\n                <div class=\"wrapper-text\">\n\n\t\t\t\t\t\n\t\t\t\t\t\n\t\t\t\t                    <div class=\"text\">\n\t\t\t\t\t\t<p>Le Prix des lecteurs est le premier prix de la soir\u00e9e chaque ann\u00e9e. C\u2019est avec grand plaisir que Torsten a accept\u00e9 le prix sur sc\u00e8ne vers 21 heures et a ensuite eu l\u2019occasion de dire quelques mots au public. Le prix a \u00e9t\u00e9 remis par les r\u00e9dacteurs et le sponsor de la cat\u00e9gorie du prix du lecteur.<\/p><p>Ce fut une soir\u00e9e passionnante avec de nombreuses nouvelles connaissances qui partagent la vision d\u2019un monde meilleur et plus durable pour nous tous. Surtout \u00e0 l\u2019heure de la pand\u00e9mie du Covid-19, il \u00e9tait agr\u00e9able pour tous les participants d\u2019\u00e9changer \u00e0 nouveau face \u00e0 face avec les r\u00e8gles d\u2019hygi\u00e8ne n\u00e9cessaires et de repenser ensemble l\u2019avenir.<\/p><p>Nous sommes donc tr\u00e8s heureux que notre travail soit appr\u00e9ci\u00e9 et il est bon d\u2019\u00e9changer des id\u00e9es avec d\u2019autres personnes motiv\u00e9es qui veulent nous rejoindre sur la voie d\u2019un avenir plus juste et durable. Merci de soutenir notre vision et de nous soutenir ! Ce n\u2019est qu\u2019ensemble que nous pourrons faire la diff\u00e9rence !<\/p><p>Si vous \u00eates int\u00e9ress\u00e9 par le th\u00e8me de \u00ab l\u2019investissement institutionnel \u00bb en g\u00e9n\u00e9ral, jetez un coup d\u2019\u0153il au site web <a href=\"https:\/\/www.portfolio-institutionell.de\/\" target=\"_blank\" rel=\"noopener\"><em>portfolio institutionell<\/em><\/a>, amusez-vous bien !<\/p>                    <\/div>\n\t\t\t\t\n\t\t\t\t\n            <\/div>\n        <\/div>\n        <\/div>\n\n\t\t\t\t<\/div>\n\t\t\t\t<\/div>\n\t\t\t\t<div class=\"elementor-element elementor-element-276bd29 elementor-widget elementor-widget-spacer\" data-id=\"276bd29\" data-element_type=\"widget\" data-widget_type=\"spacer.default\">\n\t\t\t\t<div class=\"elementor-widget-container\">\n\t\t\t\t\t<div class=\"elementor-spacer\">\n\t\t\t<div class=\"elementor-spacer-inner\"><\/div>\n\t\t<\/div>\n\t\t\t\t<\/div>\n\t\t\t\t<\/div>\n\t\t\t\t\t<\/div>\n\t\t<\/div>\n\t\t\t\t\t\t\t<\/div>\n\t\t<\/section>\n\t\t\t\t<section class=\"elementor-section elementor-top-section elementor-element elementor-element-c0184dc elementor-section-boxed elementor-section-height-default elementor-section-height-default\" data-id=\"c0184dc\" data-element_type=\"section\">\n\t\t\t\t\t\t<div class=\"elementor-container elementor-column-gap-default\">\n\t\t\t\t\t<div class=\"elementor-column elementor-col-100 elementor-top-column elementor-element elementor-element-b3ff4f0\" data-id=\"b3ff4f0\" data-element_type=\"column\">\n\t\t\t<div class=\"elementor-widget-wrap elementor-element-populated\">\n\t\t\t\t\t\t\t\t<div class=\"elementor-element elementor-element-dd7f622 elementor-widget elementor-widget-kyl_text\" data-id=\"dd7f622\" data-element_type=\"widget\" data-widget_type=\"kyl_text.default\">\n\t\t\t\t<div class=\"elementor-widget-container\">\n\t\t\t\n        <div class=\"kyl_text is-left\">\n            <div class=\"container\">\n\t\t\t\t                <h3 class=\"headline\">\n\t\t\t\tDeuxi\u00e8me prix pour Africa GreenTec : laur\u00e9at du prix de l\u2019impact durable dans la cat\u00e9gorie \u00ab Impact on Earth \u00bb            <\/h3>\n\t\t\t\n\t\t\t                <div class=\"text\">\n\t\t\t\t\t<p>Et il y a une autre bonne nouvelle : en plus d\u2019avoir remport\u00e9 le Vordenker-Preis 2021 du portfolio institutionell Verlag, nous sommes maintenant aussi officiellement les gagnants du Sustainable Impact Award dans la cat\u00e9gorie \u00ab Impact on Earth \u00bb de la Wirtschaftswoche. Une autre grande r\u00e9compense dont nous sommes \u00e9galement tr\u00e8s heureux.<\/p><p>Avec le \u00ab <strong>Sustainable Impact Award<\/strong> \u00bb, la WirtschaftsWoche et Generali soutiennent la pertinence de la durabilit\u00e9 des entreprises et montrent comment les PME allemandes s\u2019orientent d\u00e9j\u00e0 vers des mod\u00e8les commerciaux durables et la responsabilit\u00e9 sociale. L\u2019objectif de cette initiative est d\u2019honorer les PME pionni\u00e8res dans le domaine de la durabilit\u00e9 des entreprises.<\/p>                <\/div>\n\t\t\t\n\t\t\t        <\/div>\n        <\/div>\n\t\t\t\t<\/div>\n\t\t\t\t<\/div>\n\t\t\t\t<div class=\"elementor-element elementor-element-4b37a86 elementor-widget elementor-widget-spacer\" data-id=\"4b37a86\" data-element_type=\"widget\" data-widget_type=\"spacer.default\">\n\t\t\t\t<div class=\"elementor-widget-container\">\n\t\t\t\t\t<div class=\"elementor-spacer\">\n\t\t\t<div class=\"elementor-spacer-inner\"><\/div>\n\t\t<\/div>\n\t\t\t\t<\/div>\n\t\t\t\t<\/div>\n\t\t\t\t\t<\/div>\n\t\t<\/div>\n\t\t\t\t\t\t\t<\/div>\n\t\t<\/section>\n\t\t\t\t<section class=\"elementor-section elementor-top-section elementor-element elementor-element-ae012bb elementor-section-boxed elementor-section-height-default elementor-section-height-default\" data-id=\"ae012bb\" data-element_type=\"section\">\n\t\t\t\t\t\t<div class=\"elementor-container elementor-column-gap-default\">\n\t\t\t\t\t<div class=\"elementor-column elementor-col-100 elementor-top-column elementor-element elementor-element-5c16204\" data-id=\"5c16204\" data-element_type=\"column\">\n\t\t\t<div class=\"elementor-widget-wrap elementor-element-populated\">\n\t\t\t\t\t\t\t\t<div class=\"elementor-element elementor-element-616a6d0 width-full_width elementor-widget elementor-widget-kyl_images\" data-id=\"616a6d0\" data-element_type=\"widget\" data-widget_type=\"kyl_images.default\">\n\t\t\t\t<div class=\"elementor-widget-container\">\n\t\t\t\n        <div class=\"kyl_images\" data-count=\"1\">\n\n\t\t\t                <div class=\"image image1 \">\n\t\t\t\t\t<img decoding=\"async\" src=\"https:\/\/africagreentec.com.dev.kalayourlife.com\/wp-content\/uploads\/2023\/08\/IMG_1848.jpg\" title=\"IMG_1848\" alt=\"IMG_1848\" loading=\"lazy\" \/>\n\t\t\t\t\t<div class=\"text\"><p>Ces prix rendent un grand hommage aux entreprises de taille moyenne qui assument leur responsabilit\u00e9 sociale et \u00e9cologique<\/p><\/div>                <\/div>\n\t\t\t\n\t\t\t\n\n        <\/div>\n\n\t\t\t\t<\/div>\n\t\t\t\t<\/div>\n\t\t\t\t<div class=\"elementor-element elementor-element-1b10882 elementor-widget elementor-widget-spacer\" data-id=\"1b10882\" data-element_type=\"widget\" data-widget_type=\"spacer.default\">\n\t\t\t\t<div class=\"elementor-widget-container\">\n\t\t\t\t\t<div class=\"elementor-spacer\">\n\t\t\t<div class=\"elementor-spacer-inner\"><\/div>\n\t\t<\/div>\n\t\t\t\t<\/div>\n\t\t\t\t<\/div>\n\t\t\t\t\t<\/div>\n\t\t<\/div>\n\t\t\t\t\t\t\t<\/div>\n\t\t<\/section>\n\t\t\t\t<section class=\"elementor-section elementor-top-section elementor-element elementor-element-c93a416 elementor-section-boxed elementor-section-height-default elementor-section-height-default\" data-id=\"c93a416\" data-element_type=\"section\">\n\t\t\t\t\t\t<div class=\"elementor-container elementor-column-gap-default\">\n\t\t\t\t\t<div class=\"elementor-column elementor-col-100 elementor-top-column elementor-element elementor-element-6ceca52\" data-id=\"6ceca52\" data-element_type=\"column\">\n\t\t\t<div class=\"elementor-widget-wrap elementor-element-populated\">\n\t\t\t\t\t\t\t\t<div class=\"elementor-element elementor-element-7bf022c elementor-widget elementor-widget-kyl_text\" data-id=\"7bf022c\" data-element_type=\"widget\" data-widget_type=\"kyl_text.default\">\n\t\t\t\t<div class=\"elementor-widget-container\">\n\t\t\t\n        <div class=\"kyl_text is-left\">\n            <div class=\"container\">\n\t\t\t\t\n\t\t\t                <div class=\"text\">\n\t\t\t\t\t<p>Le \u00ab Sustainable Impact Award \u00bb est bas\u00e9 sur l\u2019auto-initiative. Les entreprises de taille moyenne qui pensent r\u00e9pondre aux crit\u00e8res de s\u00e9lection peuvent postuler pour le prix. Toutes les soumissions sont ensuite soigneusement examin\u00e9es et \u00e9valu\u00e9es par des partenaires scientifiques \u00e0 l\u2019aide d\u2019une m\u00e9thodologie d\u00e9velopp\u00e9e. Un jury de haut niveau d\u00e9signe ensuite les laur\u00e9ats.<\/p><p>En outre, il existe plusieurs cat\u00e9gories dans le \u00ab <strong>Prix de l\u2019impact durable<\/strong> \u00bb ou SIA en abr\u00e9g\u00e9. Outre les cat\u00e9gories <strong>Impact sur les humains<\/strong>, <strong>Impact du produit<\/strong> et les deux prix sp\u00e9ciaux <strong>SME EnterPrize<\/strong> et <strong>THSN NewComer (Refugee Start-Ups)<\/strong>, il existe la cat\u00e9gorie <strong>Impact sur la Terre<\/strong>, pour laquelle nous sommes nomin\u00e9s cette ann\u00e9e.<\/p>                <\/div>\n\t\t\t\n\t\t\t        <\/div>\n        <\/div>\n\t\t\t\t<\/div>\n\t\t\t\t<\/div>\n\t\t\t\t<div class=\"elementor-element elementor-element-56cf2cb elementor-widget elementor-widget-spacer\" data-id=\"56cf2cb\" data-element_type=\"widget\" data-widget_type=\"spacer.default\">\n\t\t\t\t<div class=\"elementor-widget-container\">\n\t\t\t\t\t<div class=\"elementor-spacer\">\n\t\t\t<div class=\"elementor-spacer-inner\"><\/div>\n\t\t<\/div>\n\t\t\t\t<\/div>\n\t\t\t\t<\/div>\n\t\t\t\t\t<\/div>\n\t\t<\/div>\n\t\t\t\t\t\t\t<\/div>\n\t\t<\/section>\n\t\t\t\t<section class=\"elementor-section elementor-top-section elementor-element elementor-element-93f095a elementor-section-full_width elementor-section-height-default elementor-section-height-default\" data-id=\"93f095a\" data-element_type=\"section\">\n\t\t\t\t\t\t<div class=\"elementor-container elementor-column-gap-default\">\n\t\t\t\t\t<div class=\"elementor-column elementor-col-100 elementor-top-column elementor-element elementor-element-db6737e\" data-id=\"db6737e\" data-element_type=\"column\">\n\t\t\t<div class=\"elementor-widget-wrap elementor-element-populated\">\n\t\t\t\t\t\t\t\t<div class=\"elementor-element elementor-element-98aa422 elementor-widget elementor-widget-kyl_image_teaser_slant_medium\" data-id=\"98aa422\" data-element_type=\"widget\" data-widget_type=\"kyl_image_teaser_slant_medium.default\">\n\t\t\t\t<div class=\"elementor-widget-container\">\n\t\t\t\n        <div class=\"kyl_image_teaser_slant_medium\">\n            <div class=\"container is-right\">\n                <div class=\"wrapper-image\">\n\t\t\t\t\t\t\t\t\t\t\t                        <img decoding=\"async\" src=\"https:\/\/africagreentec.com.dev.kalayourlife.com\/wp-content\/uploads\/2023\/08\/IMG_1849-1536x1050-1.jpg\" alt=\"IMG_1849-1536x1050\" title=\"IMG_1849-1536&#215;1050\" class=\"image calc-slant calc-slant-left\">\n\t\t\t\t\t                <\/div>\n                <div class=\"wrapper-text\">\n\n\t\t\t\t\t\n\t\t\t\t\t<h3                    class=\"headline\">\n\t\t\t\t\t\t\t\t\t\t<p>Cat\u00e9gorie d\u2019impact sur la Terre<\/p>                <\/h3>\n\t\t\t\t                    <div class=\"text\">\n\t\t\t\t\t\t<p>Le prix SIA 2021 dans la cat\u00e9gorie \u00ab Impact sur la Terre \u00bb r\u00e9compense les petites et moyennes entreprises qui s\u2019attaquent particuli\u00e8rement \u00e0 des probl\u00e8mes tels que la pollution de l\u2019environnement, la combustion de combustibles fossiles et les cons\u00e9quences n\u00e9gatives du changement climatique, et qui d\u00e9veloppent des solutions holistiques et innovantes pour une \u00e9conomie durable et respectueuse de la plan\u00e8te, sans \u00bb greenwashing \u00ab .<\/p><p>Les prix ont \u00e9t\u00e9 remis le 02.09.2021. Les laur\u00e9ats des cat\u00e9gories ont \u00e9t\u00e9 personnellement invit\u00e9s \u00e0 D\u00fcsseldorf et ont ainsi pu recevoir les prix en direct sur sc\u00e8ne. Toutes les autres personnes qui souhaitaient suivre la c\u00e9r\u00e9monie en direct ont pu le faire virtuellement gr\u00e2ce au livestream.<\/p>                    <\/div>\n\t\t\t\t\n\t\t\t\t\n            <\/div>\n        <\/div>\n        <\/div>\n\n\t\t\t\t<\/div>\n\t\t\t\t<\/div>\n\t\t\t\t<div class=\"elementor-element elementor-element-2840d87 elementor-widget elementor-widget-spacer\" data-id=\"2840d87\" data-element_type=\"widget\" data-widget_type=\"spacer.default\">\n\t\t\t\t<div class=\"elementor-widget-container\">\n\t\t\t\t\t<div class=\"elementor-spacer\">\n\t\t\t<div class=\"elementor-spacer-inner\"><\/div>\n\t\t<\/div>\n\t\t\t\t<\/div>\n\t\t\t\t<\/div>\n\t\t\t\t\t<\/div>\n\t\t<\/div>\n\t\t\t\t\t\t\t<\/div>\n\t\t<\/section>\n\t\t\t\t<section class=\"elementor-section elementor-top-section elementor-element elementor-element-859e9df elementor-section-boxed elementor-section-height-default elementor-section-height-default\" data-id=\"859e9df\" data-element_type=\"section\">\n\t\t\t\t\t\t<div class=\"elementor-container elementor-column-gap-default\">\n\t\t\t\t\t<div class=\"elementor-column elementor-col-100 elementor-top-column elementor-element elementor-element-ad6524e\" data-id=\"ad6524e\" data-element_type=\"column\">\n\t\t\t<div class=\"elementor-widget-wrap elementor-element-populated\">\n\t\t\t\t\t\t\t\t<div class=\"elementor-element elementor-element-08ecde4 elementor-widget elementor-widget-kyl_text\" data-id=\"08ecde4\" data-element_type=\"widget\" data-widget_type=\"kyl_text.default\">\n\t\t\t\t<div class=\"elementor-widget-container\">\n\t\t\t\n        <div class=\"kyl_text is-left\">\n            <div class=\"container\">\n\t\t\t\t\n\t\t\t                <div class=\"text\">\n\t\t\t\t\t<p>Nous travaillons chaque jour avec une grande motivation \u00e0 la r\u00e9alisation et \u00e0 la mise en \u0153uvre de notre vision et nous sommes tr\u00e8s heureux lorsque notre travail est appr\u00e9ci\u00e9, notamment par d\u2019autres personnes actives dans l\u2019entrepreneuriat social. Nous sommes convaincus que les entreprises durables et responsables sont la voie \u00e0 suivre et nous sommes heureux de participer \u00e0 ce changement.<\/p>                <\/div>\n\t\t\t\n\t\t\t        <\/div>\n        <\/div>\n\t\t\t\t<\/div>\n\t\t\t\t<\/div>\n\t\t\t\t<div class=\"elementor-element elementor-element-35430dc elementor-widget elementor-widget-spacer\" data-id=\"35430dc\" data-element_type=\"widget\" data-widget_type=\"spacer.default\">\n\t\t\t\t<div class=\"elementor-widget-container\">\n\t\t\t\t\t<div class=\"elementor-spacer\">\n\t\t\t<div class=\"elementor-spacer-inner\"><\/div>\n\t\t<\/div>\n\t\t\t\t<\/div>\n\t\t\t\t<\/div>\n\t\t\t\t\t<\/div>\n\t\t<\/div>\n\t\t\t\t\t\t\t<\/div>\n\t\t<\/section>\n\t\t\t\t<section class=\"elementor-section elementor-top-section elementor-element elementor-element-cf31a69 elementor-section-boxed elementor-section-height-default elementor-section-height-default\" data-id=\"cf31a69\" data-element_type=\"section\">\n\t\t\t\t\t\t<div class=\"elementor-container elementor-column-gap-default\">\n\t\t\t\t\t<div class=\"elementor-column elementor-col-100 elementor-top-column elementor-element elementor-element-dcae17f\" data-id=\"dcae17f\" data-element_type=\"column\">\n\t\t\t<div class=\"elementor-widget-wrap elementor-element-populated\">\n\t\t\t\t\t\t\t\t<div class=\"elementor-element elementor-element-5ec2340 width-full_width elementor-widget elementor-widget-kyl_images\" data-id=\"5ec2340\" data-element_type=\"widget\" data-widget_type=\"kyl_images.default\">\n\t\t\t\t<div class=\"elementor-widget-container\">\n\t\t\t\n        <div class=\"kyl_images\" data-count=\"1\">\n\n\t\t\t                <div class=\"image image1 \">\n\t\t\t\t\t<img decoding=\"async\" src=\"https:\/\/africagreentec.com.dev.kalayourlife.com\/wp-content\/uploads\/2023\/08\/Bildschirmfoto-2021-09-08-um-09.25.56.png\" title=\"Bildschirmfoto-2021-09-08-um-09.25.56\" alt=\"Bildschirmfoto-2021-09-08-um-09.25.56\" loading=\"lazy\" \/>\n\t\t\t\t\t<div class=\"text\"><p>Wolfgang Rams accepte le prix \"Impact on Earth\"<\/p><\/div>                <\/div>\n\t\t\t\n\t\t\t\n\n        <\/div>\n\n\t\t\t\t<\/div>\n\t\t\t\t<\/div>\n\t\t\t\t\t<\/div>\n\t\t<\/div>\n\t\t\t\t\t\t\t<\/div>\n\t\t<\/section>\n\t\t\t\t<section class=\"elementor-section elementor-top-section elementor-element elementor-element-4c4c0b3 elementor-section-boxed elementor-section-height-default elementor-section-height-default\" data-id=\"4c4c0b3\" data-element_type=\"section\">\n\t\t\t\t\t\t<div class=\"elementor-container elementor-column-gap-default\">\n\t\t\t\t\t<div class=\"elementor-column elementor-col-100 elementor-top-column elementor-element elementor-element-f93936c\" data-id=\"f93936c\" data-element_type=\"column\">\n\t\t\t<div class=\"elementor-widget-wrap elementor-element-populated\">\n\t\t\t\t\t\t\t\t<div class=\"elementor-element elementor-element-4a7df0a elementor-widget elementor-widget-spacer\" data-id=\"4a7df0a\" data-element_type=\"widget\" data-widget_type=\"spacer.default\">\n\t\t\t\t<div class=\"elementor-widget-container\">\n\t\t\t\t\t<div class=\"elementor-spacer\">\n\t\t\t<div class=\"elementor-spacer-inner\"><\/div>\n\t\t<\/div>\n\t\t\t\t<\/div>\n\t\t\t\t<\/div>\n\t\t\t\t\t<\/div>\n\t\t<\/div>\n\t\t\t\t\t\t\t<\/div>\n\t\t<\/section>\n\t\t\t\t<section class=\"elementor-section elementor-top-section elementor-element elementor-element-02302a5 elementor-section-boxed elementor-section-height-default elementor-section-height-default\" data-id=\"02302a5\" data-element_type=\"section\">\n\t\t\t\t\t\t<div class=\"elementor-container elementor-column-gap-default\">\n\t\t\t\t\t<div class=\"elementor-column elementor-col-100 elementor-top-column elementor-element elementor-element-9d36106\" data-id=\"9d36106\" data-element_type=\"column\">\n\t\t\t<div class=\"elementor-widget-wrap elementor-element-populated\">\n\t\t\t\t\t\t\t\t<div class=\"elementor-element elementor-element-7341709 elementor-widget elementor-widget-kyl_teaser_contentpage\" data-id=\"7341709\" data-element_type=\"widget\" data-widget_type=\"kyl_teaser_contentpage.default\">\n\t\t\t\t<div class=\"elementor-widget-container\">\n\t\t\t\n        <div class=\"kyl_teaser_contentpage color-dark-slate-blue\">\n\n                            <h3 class=\"headline\">\n                    NEWS                <\/h3>\n            \n            <div class=\"swiper\">\n                <div class=\"swiper-wrapper\">\n                                            <div class=\"swiper-slide\">\n                                                        <a href=\"https:\/\/africagreentec.com.dev.kalayourlife.com\/fr\/impactblog\/rebranding-grace-a-vous\/\">\n                                                            <img loading=\"lazy\" width=\"300\" height=\"172\" src=\"https:\/\/africagreentec.com.dev.kalayourlife.com\/wp-content\/uploads\/2023\/12\/Deutschland_V2-300x172.png\" class=\"image\" alt=\"Deutschland_V2.png\" decoding=\"async\" title=\"Deutschland_V2.png\" srcset=\"https:\/\/africagreentec.com.dev.kalayourlife.com\/wp-content\/uploads\/2023\/12\/Deutschland_V2-300x172.png 300w, https:\/\/africagreentec.com.dev.kalayourlife.com\/wp-content\/uploads\/2023\/12\/Deutschland_V2-1024x589.png 1024w, https:\/\/africagreentec.com.dev.kalayourlife.com\/wp-content\/uploads\/2023\/12\/Deutschland_V2-768x441.png 768w, https:\/\/africagreentec.com.dev.kalayourlife.com\/wp-content\/uploads\/2023\/12\/Deutschland_V2-1536x883.png 1536w, https:\/\/africagreentec.com.dev.kalayourlife.com\/wp-content\/uploads\/2023\/12\/Deutschland_V2-2048x1177.png 2048w\" sizes=\"(max-width: 300px) 100vw, 300px\" \/>                                <div class=\"title\">\n                                    Rebranding, gr\u00e2ce \u00e0 vous !                                <\/div>\n                                                                <span class=\"icon\"><\/span>\n                            <\/a>\n                                                <\/div>\n                                            <div class=\"swiper-slide\">\n                                                        <a href=\"https:\/\/africagreentec.com.dev.kalayourlife.com\/fr\/impactblog\/chretiens-et-musulmans-jeunent-ensemble-au-senegal\/\">\n                                                            <img loading=\"lazy\" width=\"300\" height=\"207\" src=\"https:\/\/africagreentec.com.dev.kalayourlife.com\/wp-content\/uploads\/2023\/12\/IMG_7105-scaled-1-300x207.jpg\" class=\"image\" alt=\"IMG_7105-scaled.jpg\" decoding=\"async\" title=\"IMG_7105-scaled.jpg\" srcset=\"https:\/\/africagreentec.com.dev.kalayourlife.com\/wp-content\/uploads\/2023\/12\/IMG_7105-scaled-1-300x207.jpg 300w, https:\/\/africagreentec.com.dev.kalayourlife.com\/wp-content\/uploads\/2023\/12\/IMG_7105-scaled-1-1024x705.jpg 1024w, https:\/\/africagreentec.com.dev.kalayourlife.com\/wp-content\/uploads\/2023\/12\/IMG_7105-scaled-1-768x529.jpg 768w, https:\/\/africagreentec.com.dev.kalayourlife.com\/wp-content\/uploads\/2023\/12\/IMG_7105-scaled-1-1536x1058.jpg 1536w, https:\/\/africagreentec.com.dev.kalayourlife.com\/wp-content\/uploads\/2023\/12\/IMG_7105-scaled-1-2048x1410.jpg 2048w\" sizes=\"(max-width: 300px) 100vw, 300px\" \/>                                <div class=\"title\">\n                                    Chr\u00e9tiens et musulmans je\u00fbnent ensemble au S\u00e9n\u00e9gal                                <\/div>\n                                                                <span class=\"icon\"><\/span>\n                            <\/a>\n                                                <\/div>\n                                            <div class=\"swiper-slide\">\n                                                        <a href=\"https:\/\/africagreentec.com.dev.kalayourlife.com\/fr\/impactblog\/fuir-le-sahel-pour-leurope-comment-lacces-a-lelectricite-fait-la-difference\/\">\n                                                            <img loading=\"lazy\" width=\"300\" height=\"200\" src=\"https:\/\/africagreentec.com.dev.kalayourlife.com\/wp-content\/uploads\/2023\/12\/DB80565D-ADA7-4507-B718-E23347CFF5EA-1536x1024-1-300x200.jpeg\" class=\"image\" alt=\"DB80565D-ADA7-4507-B718-E23347CFF5EA-1536x1024-1.jpeg\" decoding=\"async\" title=\"DB80565D-ADA7-4507-B718-E23347CFF5EA-1536&#215;1024-1.jpeg\" srcset=\"https:\/\/africagreentec.com.dev.kalayourlife.com\/wp-content\/uploads\/2023\/12\/DB80565D-ADA7-4507-B718-E23347CFF5EA-1536x1024-1-300x200.jpeg 300w, https:\/\/africagreentec.com.dev.kalayourlife.com\/wp-content\/uploads\/2023\/12\/DB80565D-ADA7-4507-B718-E23347CFF5EA-1536x1024-1-1024x683.jpeg 1024w, https:\/\/africagreentec.com.dev.kalayourlife.com\/wp-content\/uploads\/2023\/12\/DB80565D-ADA7-4507-B718-E23347CFF5EA-1536x1024-1-768x512.jpeg 768w, https:\/\/africagreentec.com.dev.kalayourlife.com\/wp-content\/uploads\/2023\/12\/DB80565D-ADA7-4507-B718-E23347CFF5EA-1536x1024-1.jpeg 1536w\" sizes=\"(max-width: 300px) 100vw, 300px\" \/>                                <div class=\"title\">\n                                    Fuir le Sahel pour l\u2019Europe, comment l\u2019acc\u00e8s \u00e0 l\u2019\u00e9lectricit\u00e9 fait la diff\u00e9rence                                <\/div>\n                                                                <span class=\"icon\"><\/span>\n                            <\/a>\n                                                <\/div>\n                                    <\/div>\n            <\/div>\n        <\/div>\n\n        \t\t<\/div>\n\t\t\t\t<\/div>\n\t\t\t\t\t<\/div>\n\t\t<\/div>\n\t\t\t\t\t\t\t<\/div>\n\t\t<\/section>\n\t\t\t\t\t\t\t<\/div>\n\t\t","protected":false},"featured_media":7345,"template":"","impactblog_kategorien":[65],"acf":[],"yoast_head":"<!-- This site is optimized with the Yoast SEO plugin v21.4 - https:\/\/yoast.com\/wordpress\/plugins\/seo\/ -->\n<title>Deux prix importants en deux jours - Africa GreenTec AG<\/title>\n<meta name=\"description\" content=\"En l\u2019espace de deux jours seulement, Africa GreenTec et Torsten Schreiber, notre PDG et fondateur, ont re\u00e7u deux prix prestigieux : le \u00ab Vordenker \u00bb Leserpreis 2021 du portfolio institutionell Verlag (pour Torsten Schreiber) et le Sustainable Impact Award (pour Africa GreenTec). Nous sommes extr\u00eamement heureux de ces deux grandes reconnaissances et nous aimerions vous en dire un peu plus sur les prix et leurs attributions.\" \/>\n<meta name=\"robots\" content=\"noindex, follow, max-snippet:-1, max-image-preview:large, max-video-preview:-1\" \/>\n<meta property=\"og:locale\" content=\"fr_FR\" \/>\n<meta property=\"og:type\" content=\"article\" \/>\n<meta property=\"og:title\" content=\"Deux prix importants en deux jours - Africa GreenTec AG\" \/>\n<meta property=\"og:description\" content=\"En l\u2019espace de deux jours seulement, Africa GreenTec et Torsten Schreiber, notre PDG et fondateur, ont re\u00e7u deux prix prestigieux : le \u00ab Vordenker \u00bb Leserpreis 2021 du portfolio institutionell Verlag (pour Torsten Schreiber) et le Sustainable Impact Award (pour Africa GreenTec). Nous sommes extr\u00eamement heureux de ces deux grandes reconnaissances et nous aimerions vous en dire un peu plus sur les prix et leurs attributions.\" \/>\n<meta property=\"og:url\" content=\"https:\/\/africagreentec.com.dev.kalayourlife.com\/fr\/impactblog\/deux-prix-importants-en-deux-jours-africa-greentec-remporte-le-prix-de-limpact-durable-et-torsten-schreiber-est-distingue-par-portfolio-en-tant-que-leader-dopinion\/\" \/>\n<meta property=\"og:site_name\" content=\"Africa GreenTec AG\" \/>\n<meta property=\"article:publisher\" content=\"https:\/\/de-de.facebook.com\/AfricaGreenTec\/\" \/>\n<meta property=\"article:modified_time\" content=\"2023-12-05T10:23:02+00:00\" \/>\n<meta property=\"og:image\" content=\"https:\/\/africagreentec.com.dev.kalayourlife.com\/wp-content\/uploads\/2023\/08\/IMG_1849-1536x1050-1.jpg\" \/>\n\t<meta property=\"og:image:width\" content=\"1536\" \/>\n\t<meta property=\"og:image:height\" content=\"1050\" \/>\n\t<meta property=\"og:image:type\" content=\"image\/jpeg\" \/>\n<meta name=\"twitter:card\" content=\"summary_large_image\" \/>\n<meta name=\"twitter:site\" content=\"@AfricaGreenTec\" \/>\n<meta name=\"twitter:label1\" content=\"Dur\u00e9e de lecture estim\u00e9e\" \/>\n\t<meta name=\"twitter:data1\" content=\"8 minutes\" \/>\n<script type=\"application\/ld+json\" class=\"yoast-schema-graph\">{\"@context\":\"https:\/\/schema.org\",\"@graph\":[{\"@type\":\"WebPage\",\"@id\":\"https:\/\/africagreentec.com.dev.kalayourlife.com\/fr\/impactblog\/deux-prix-importants-en-deux-jours-africa-greentec-remporte-le-prix-de-limpact-durable-et-torsten-schreiber-est-distingue-par-portfolio-en-tant-que-leader-dopinion\/\",\"url\":\"https:\/\/africagreentec.com.dev.kalayourlife.com\/fr\/impactblog\/deux-prix-importants-en-deux-jours-africa-greentec-remporte-le-prix-de-limpact-durable-et-torsten-schreiber-est-distingue-par-portfolio-en-tant-que-leader-dopinion\/\",\"name\":\"Deux prix importants en deux jours - Africa GreenTec AG\",\"isPartOf\":{\"@id\":\"https:\/\/africagreentec.com.dev.kalayourlife.com\/fr\/#website\"},\"datePublished\":\"2021-09-08T12:53:05+00:00\",\"dateModified\":\"2023-12-05T10:23:02+00:00\",\"description\":\"En l\u2019espace de deux jours seulement, Africa GreenTec et Torsten Schreiber, notre PDG et fondateur, ont re\u00e7u deux prix prestigieux : le \u00ab Vordenker \u00bb Leserpreis 2021 du portfolio institutionell Verlag (pour Torsten Schreiber) et le Sustainable Impact Award (pour Africa GreenTec). Nous sommes extr\u00eamement heureux de ces deux grandes reconnaissances et nous aimerions vous en dire un peu plus sur les prix et leurs attributions.\",\"breadcrumb\":{\"@id\":\"https:\/\/africagreentec.com.dev.kalayourlife.com\/fr\/impactblog\/deux-prix-importants-en-deux-jours-africa-greentec-remporte-le-prix-de-limpact-durable-et-torsten-schreiber-est-distingue-par-portfolio-en-tant-que-leader-dopinion\/#breadcrumb\"},\"inLanguage\":\"fr-FR\",\"potentialAction\":[{\"@type\":\"ReadAction\",\"target\":[\"https:\/\/africagreentec.com.dev.kalayourlife.com\/fr\/impactblog\/deux-prix-importants-en-deux-jours-africa-greentec-remporte-le-prix-de-limpact-durable-et-torsten-schreiber-est-distingue-par-portfolio-en-tant-que-leader-dopinion\/\"]}]},{\"@type\":\"BreadcrumbList\",\"@id\":\"https:\/\/africagreentec.com.dev.kalayourlife.com\/fr\/impactblog\/deux-prix-importants-en-deux-jours-africa-greentec-remporte-le-prix-de-limpact-durable-et-torsten-schreiber-est-distingue-par-portfolio-en-tant-que-leader-dopinion\/#breadcrumb\",\"itemListElement\":[{\"@type\":\"ListItem\",\"position\":1,\"name\":\"Startseite\",\"item\":\"https:\/\/africagreentec.com.dev.kalayourlife.com\/fr\/\"},{\"@type\":\"ListItem\",\"position\":2,\"name\":\"Impactblog\",\"item\":\"https:\/\/africagreentec.com.dev.kalayourlife.com\/fr\/impactblog\/\"},{\"@type\":\"ListItem\",\"position\":3,\"name\":\"Deux prix importants en deux jours\"}]},{\"@type\":\"WebSite\",\"@id\":\"https:\/\/africagreentec.com.dev.kalayourlife.com\/fr\/#website\",\"url\":\"https:\/\/africagreentec.com.dev.kalayourlife.com\/fr\/\",\"name\":\"Africa GreenTec AG\",\"description\":\"\",\"publisher\":{\"@id\":\"https:\/\/africagreentec.com.dev.kalayourlife.com\/fr\/#organization\"},\"potentialAction\":[{\"@type\":\"SearchAction\",\"target\":{\"@type\":\"EntryPoint\",\"urlTemplate\":\"https:\/\/africagreentec.com.dev.kalayourlife.com\/fr\/?s={search_term_string}\"},\"query-input\":\"required name=search_term_string\"}],\"inLanguage\":\"fr-FR\"},{\"@type\":\"Organization\",\"@id\":\"https:\/\/africagreentec.com.dev.kalayourlife.com\/fr\/#organization\",\"name\":\"Africa GreenTec AG\",\"url\":\"https:\/\/africagreentec.com.dev.kalayourlife.com\/fr\/\",\"logo\":{\"@type\":\"ImageObject\",\"inLanguage\":\"fr-FR\",\"@id\":\"https:\/\/africagreentec.com.dev.kalayourlife.com\/fr\/#\/schema\/logo\/image\/\",\"url\":\"https:\/\/africagreentec.com.dev.kalayourlife.com\/wp-content\/uploads\/2023\/01\/AGT_Logo_BC-22-07-22.svg\",\"contentUrl\":\"https:\/\/africagreentec.com.dev.kalayourlife.com\/wp-content\/uploads\/2023\/01\/AGT_Logo_BC-22-07-22.svg\",\"width\":580,\"height\":249,\"caption\":\"Africa GreenTec AG\"},\"image\":{\"@id\":\"https:\/\/africagreentec.com.dev.kalayourlife.com\/fr\/#\/schema\/logo\/image\/\"},\"sameAs\":[\"https:\/\/de-de.facebook.com\/AfricaGreenTec\/\",\"https:\/\/twitter.com\/AfricaGreenTec\",\"https:\/\/de.linkedin.com\/company\/africa-greentec\",\"https:\/\/www.instagram.com\/africa_greentec\/\"]}]}<\/script>\n<!-- \/ Yoast SEO plugin. -->","yoast_head_json":{"title":"Deux prix importants en deux jours - Africa GreenTec AG","description":"En l\u2019espace de deux jours seulement, Africa GreenTec et Torsten Schreiber, notre PDG et fondateur, ont re\u00e7u deux prix prestigieux : le \u00ab Vordenker \u00bb Leserpreis 2021 du portfolio institutionell Verlag (pour Torsten Schreiber) et le Sustainable Impact Award (pour Africa GreenTec). Nous sommes extr\u00eamement heureux de ces deux grandes reconnaissances et nous aimerions vous en dire un peu plus sur les prix et leurs attributions.","robots":{"index":"noindex","follow":"follow","max-snippet":"max-snippet:-1","max-image-preview":"max-image-preview:large","max-video-preview":"max-video-preview:-1"},"og_locale":"fr_FR","og_type":"article","og_title":"Deux prix importants en deux jours - Africa GreenTec AG","og_description":"En l\u2019espace de deux jours seulement, Africa GreenTec et Torsten Schreiber, notre PDG et fondateur, ont re\u00e7u deux prix prestigieux : le \u00ab Vordenker \u00bb Leserpreis 2021 du portfolio institutionell Verlag (pour Torsten Schreiber) et le Sustainable Impact Award (pour Africa GreenTec). Nous sommes extr\u00eamement heureux de ces deux grandes reconnaissances et nous aimerions vous en dire un peu plus sur les prix et leurs attributions.","og_url":"https:\/\/africagreentec.com.dev.kalayourlife.com\/fr\/impactblog\/deux-prix-importants-en-deux-jours-africa-greentec-remporte-le-prix-de-limpact-durable-et-torsten-schreiber-est-distingue-par-portfolio-en-tant-que-leader-dopinion\/","og_site_name":"Africa GreenTec AG","article_publisher":"https:\/\/de-de.facebook.com\/AfricaGreenTec\/","article_modified_time":"2023-12-05T10:23:02+00:00","og_image":[{"width":1536,"height":1050,"url":"https:\/\/africagreentec.com.dev.kalayourlife.com\/wp-content\/uploads\/2023\/08\/IMG_1849-1536x1050-1.jpg","type":"image\/jpeg"}],"twitter_card":"summary_large_image","twitter_site":"@AfricaGreenTec","twitter_misc":{"Dur\u00e9e de lecture estim\u00e9e":"8 minutes"},"schema":{"@context":"https:\/\/schema.org","@graph":[{"@type":"WebPage","@id":"https:\/\/africagreentec.com.dev.kalayourlife.com\/fr\/impactblog\/deux-prix-importants-en-deux-jours-africa-greentec-remporte-le-prix-de-limpact-durable-et-torsten-schreiber-est-distingue-par-portfolio-en-tant-que-leader-dopinion\/","url":"https:\/\/africagreentec.com.dev.kalayourlife.com\/fr\/impactblog\/deux-prix-importants-en-deux-jours-africa-greentec-remporte-le-prix-de-limpact-durable-et-torsten-schreiber-est-distingue-par-portfolio-en-tant-que-leader-dopinion\/","name":"Deux prix importants en deux jours - Africa GreenTec AG","isPartOf":{"@id":"https:\/\/africagreentec.com.dev.kalayourlife.com\/fr\/#website"},"datePublished":"2021-09-08T12:53:05+00:00","dateModified":"2023-12-05T10:23:02+00:00","description":"En l\u2019espace de deux jours seulement, Africa GreenTec et Torsten Schreiber, notre PDG et fondateur, ont re\u00e7u deux prix prestigieux : le \u00ab Vordenker \u00bb Leserpreis 2021 du portfolio institutionell Verlag (pour Torsten Schreiber) et le Sustainable Impact Award (pour Africa GreenTec). Nous sommes extr\u00eamement heureux de ces deux grandes reconnaissances et nous aimerions vous en dire un peu plus sur les prix et leurs attributions.","breadcrumb":{"@id":"https:\/\/africagreentec.com.dev.kalayourlife.com\/fr\/impactblog\/deux-prix-importants-en-deux-jours-africa-greentec-remporte-le-prix-de-limpact-durable-et-torsten-schreiber-est-distingue-par-portfolio-en-tant-que-leader-dopinion\/#breadcrumb"},"inLanguage":"fr-FR","potentialAction":[{"@type":"ReadAction","target":["https:\/\/africagreentec.com.dev.kalayourlife.com\/fr\/impactblog\/deux-prix-importants-en-deux-jours-africa-greentec-remporte-le-prix-de-limpact-durable-et-torsten-schreiber-est-distingue-par-portfolio-en-tant-que-leader-dopinion\/"]}]},{"@type":"BreadcrumbList","@id":"https:\/\/africagreentec.com.dev.kalayourlife.com\/fr\/impactblog\/deux-prix-importants-en-deux-jours-africa-greentec-remporte-le-prix-de-limpact-durable-et-torsten-schreiber-est-distingue-par-portfolio-en-tant-que-leader-dopinion\/#breadcrumb","itemListElement":[{"@type":"ListItem","position":1,"name":"Startseite","item":"https:\/\/africagreentec.com.dev.kalayourlife.com\/fr\/"},{"@type":"ListItem","position":2,"name":"Impactblog","item":"https:\/\/africagreentec.com.dev.kalayourlife.com\/fr\/impactblog\/"},{"@type":"ListItem","position":3,"name":"Deux prix importants en deux jours"}]},{"@type":"WebSite","@id":"https:\/\/africagreentec.com.dev.kalayourlife.com\/fr\/#website","url":"https:\/\/africagreentec.com.dev.kalayourlife.com\/fr\/","name":"Africa GreenTec AG","description":"","publisher":{"@id":"https:\/\/africagreentec.com.dev.kalayourlife.com\/fr\/#organization"},"potentialAction":[{"@type":"SearchAction","target":{"@type":"EntryPoint","urlTemplate":"https:\/\/africagreentec.com.dev.kalayourlife.com\/fr\/?s={search_term_string}"},"query-input":"required name=search_term_string"}],"inLanguage":"fr-FR"},{"@type":"Organization","@id":"https:\/\/africagreentec.com.dev.kalayourlife.com\/fr\/#organization","name":"Africa GreenTec AG","url":"https:\/\/africagreentec.com.dev.kalayourlife.com\/fr\/","logo":{"@type":"ImageObject","inLanguage":"fr-FR","@id":"https:\/\/africagreentec.com.dev.kalayourlife.com\/fr\/#\/schema\/logo\/image\/","url":"https:\/\/africagreentec.com.dev.kalayourlife.com\/wp-content\/uploads\/2023\/01\/AGT_Logo_BC-22-07-22.svg","contentUrl":"https:\/\/africagreentec.com.dev.kalayourlife.com\/wp-content\/uploads\/2023\/01\/AGT_Logo_BC-22-07-22.svg","width":580,"height":249,"caption":"Africa GreenTec AG"},"image":{"@id":"https:\/\/africagreentec.com.dev.kalayourlife.com\/fr\/#\/schema\/logo\/image\/"},"sameAs":["https:\/\/de-de.facebook.com\/AfricaGreenTec\/","https:\/\/twitter.com\/AfricaGreenTec","https:\/\/de.linkedin.com\/company\/africa-greentec","https:\/\/www.instagram.com\/africa_greentec\/"]}]}},"_links":{"self":[{"href":"https:\/\/africagreentec.com.dev.kalayourlife.com\/fr\/wp-json\/wp\/v2\/impactblog\/10394"}],"collection":[{"href":"https:\/\/africagreentec.com.dev.kalayourlife.com\/fr\/wp-json\/wp\/v2\/impactblog"}],"about":[{"href":"https:\/\/africagreentec.com.dev.kalayourlife.com\/fr\/wp-json\/wp\/v2\/types\/impactblog"}],"version-history":[{"count":15,"href":"https:\/\/africagreentec.com.dev.kalayourlife.com\/fr\/wp-json\/wp\/v2\/impactblog\/10394\/revisions"}],"predecessor-version":[{"id":14598,"href":"https:\/\/africagreentec.com.dev.kalayourlife.com\/fr\/wp-json\/wp\/v2\/impactblog\/10394\/revisions\/14598"}],"wp:featuredmedia":[{"embeddable":true,"href":"https:\/\/africagreentec.com.dev.kalayourlife.com\/fr\/wp-json\/wp\/v2\/media\/7345"}],"wp:attachment":[{"href":"https:\/\/africagreentec.com.dev.kalayourlife.com\/fr\/wp-json\/wp\/v2\/media?parent=10394"}],"wp:term":[{"taxonomy":"impactblog_kategorien","embeddable":true,"href":"https:\/\/africagreentec.com.dev.kalayourlife.com\/fr\/wp-json\/wp\/v2\/impactblog_kategorien?post=10394"}],"curies":[{"name":"wp","href":"https:\/\/api.w.org\/{rel}","templated":true}]}}