{"id":7331,"date":"2022-03-22T12:03:12","date_gmt":"2022-03-22T11:03:12","guid":{"rendered":"https:\/\/africagreentec.com.dev.kalayourlife.com\/impactblog\/fuir-le-sahel-pour-leurope-comment-lacces-a-lelectricite-fait-la-difference\/"},"modified":"2023-12-01T13:46:57","modified_gmt":"2023-12-01T12:46:57","slug":"fuir-le-sahel-pour-leurope-comment-lacces-a-lelectricite-fait-la-difference","status":"publish","type":"impactblog","link":"https:\/\/africagreentec.com.dev.kalayourlife.com\/fr\/impactblog\/fuir-le-sahel-pour-leurope-comment-lacces-a-lelectricite-fait-la-difference\/","title":{"rendered":"Fuir le Sahel pour l\u2019Europe, comment l\u2019acc\u00e8s \u00e0 l\u2019\u00e9lectricit\u00e9 fait la diff\u00e9rence"},"content":{"rendered":"\t\t<div data-elementor-type=\"wp-post\" data-elementor-id=\"7331\" class=\"elementor elementor-7331 elementor-7298\" data-elementor-post-type=\"impactblog\">\n\t\t\t\t\t\t\t\t\t<section class=\"elementor-section elementor-top-section elementor-element elementor-element-581027b elementor-section-boxed elementor-section-height-default elementor-section-height-default\" data-id=\"581027b\" data-element_type=\"section\">\n\t\t\t\t\t\t<div class=\"elementor-container elementor-column-gap-default\">\n\t\t\t\t\t<div class=\"elementor-column elementor-col-100 elementor-top-column elementor-element elementor-element-8975d13\" data-id=\"8975d13\" data-element_type=\"column\">\n\t\t\t<div class=\"elementor-widget-wrap elementor-element-populated\">\n\t\t\t\t\t\t\t\t<div class=\"elementor-element elementor-element-53ee7c0 elementor-widget elementor-widget-kyl_breadcrumb\" data-id=\"53ee7c0\" data-element_type=\"widget\" data-widget_type=\"kyl_breadcrumb.default\">\n\t\t\t\t<div class=\"elementor-widget-container\">\n\t\t\t\n        <div class=\"kyl_breadcrumb\">\n            <div class=\"wrapper\">\n                <a class=\"home\" href=\"\/\">Home<\/a>\n\n\t\t\t\t            <span class=\"delimiter\"><\/span>\n\t\t\t                <span>Fuir le Sahel pour l\u2019Europe, comment l\u2019acc\u00e8s \u00e0 l\u2019\u00e9lectricit\u00e9 fait la diff\u00e9rence<\/span>\n\t\t\t            <\/div>\n        <\/div>\n\t\t\t\t<\/div>\n\t\t\t\t<\/div>\n\t\t\t\t<div class=\"elementor-element elementor-element-b8230ab elementor-widget elementor-widget-spacer\" data-id=\"b8230ab\" data-element_type=\"widget\" data-widget_type=\"spacer.default\">\n\t\t\t\t<div class=\"elementor-widget-container\">\n\t\t\t<style>\/*! elementor - v3.16.0 - 17-10-2023 *\/\n.elementor-column .elementor-spacer-inner{height:var(--spacer-size)}.e-con{--container-widget-width:100%}.e-con-inner>.elementor-widget-spacer,.e-con>.elementor-widget-spacer{width:var(--container-widget-width,var(--spacer-size));--align-self:var(--container-widget-align-self,initial);--flex-shrink:0}.e-con-inner>.elementor-widget-spacer>.elementor-widget-container,.e-con>.elementor-widget-spacer>.elementor-widget-container{height:100%;width:100%}.e-con-inner>.elementor-widget-spacer>.elementor-widget-container>.elementor-spacer,.e-con>.elementor-widget-spacer>.elementor-widget-container>.elementor-spacer{height:100%}.e-con-inner>.elementor-widget-spacer>.elementor-widget-container>.elementor-spacer>.elementor-spacer-inner,.e-con>.elementor-widget-spacer>.elementor-widget-container>.elementor-spacer>.elementor-spacer-inner{height:var(--container-widget-height,var(--spacer-size))}.e-con-inner>.elementor-widget-spacer.elementor-widget-empty,.e-con>.elementor-widget-spacer.elementor-widget-empty{position:relative;min-height:22px;min-width:22px}.e-con-inner>.elementor-widget-spacer.elementor-widget-empty .elementor-widget-empty-icon,.e-con>.elementor-widget-spacer.elementor-widget-empty .elementor-widget-empty-icon{position:absolute;top:0;bottom:0;left:0;right:0;margin:auto;padding:0;width:22px;height:22px}<\/style>\t\t<div class=\"elementor-spacer\">\n\t\t\t<div class=\"elementor-spacer-inner\"><\/div>\n\t\t<\/div>\n\t\t\t\t<\/div>\n\t\t\t\t<\/div>\n\t\t\t\t\t<\/div>\n\t\t<\/div>\n\t\t\t\t\t\t\t<\/div>\n\t\t<\/section>\n\t\t\t\t<section class=\"elementor-section elementor-top-section elementor-element elementor-element-efe1c7e elementor-section-boxed elementor-section-height-default elementor-section-height-default\" data-id=\"efe1c7e\" data-element_type=\"section\">\n\t\t\t\t\t\t<div class=\"elementor-container elementor-column-gap-default\">\n\t\t\t\t\t<div class=\"elementor-column elementor-col-100 elementor-top-column elementor-element elementor-element-c2a820e\" data-id=\"c2a820e\" data-element_type=\"column\">\n\t\t\t<div class=\"elementor-widget-wrap elementor-element-populated\">\n\t\t\t\t\t\t\t\t<div class=\"elementor-element elementor-element-a95fcb1 elementor-widget elementor-widget-kyl_headline\" data-id=\"a95fcb1\" data-element_type=\"widget\" data-widget_type=\"kyl_headline.default\">\n\t\t\t\t<div class=\"elementor-widget-container\">\n\t\t\t\n        <div class=\"kyl_headline\">\n            <div class=\"container\">\n\n                <h1 class=\"headline\">\n                    Fuir le Sahel pour l\u2019Europe, comment l\u2019acc\u00e8s \u00e0 l\u2019\u00e9lectricit\u00e9 fait la diff\u00e9rence                <\/h1>\n\n            <\/div>\n        <\/div>\n\n\t\t\t\t<\/div>\n\t\t\t\t<\/div>\n\t\t\t\t<div class=\"elementor-element elementor-element-9916f87 elementor-widget elementor-widget-spacer\" data-id=\"9916f87\" data-element_type=\"widget\" data-widget_type=\"spacer.default\">\n\t\t\t\t<div class=\"elementor-widget-container\">\n\t\t\t\t\t<div class=\"elementor-spacer\">\n\t\t\t<div class=\"elementor-spacer-inner\"><\/div>\n\t\t<\/div>\n\t\t\t\t<\/div>\n\t\t\t\t<\/div>\n\t\t\t\t<div class=\"elementor-element elementor-element-1ce7ece elementor-widget elementor-widget-kyl_author\" data-id=\"1ce7ece\" data-element_type=\"widget\" data-widget_type=\"kyl_author.default\">\n\t\t\t\t<div class=\"elementor-widget-container\">\n\t\t\t\n        <div class=\"kyl_author\">\n\n            <img decoding=\"async\" class=\"author\"\n                 src=\"https:\/\/africagreentec.com.dev.kalayourlife.com\/wp-content\/uploads\/2023\/04\/Staff_Illustration_Katharina_Schwab_BC_23-04-11-150x150.png\"\n                 srcset=\"https:\/\/africagreentec.com.dev.kalayourlife.com\/wp-content\/uploads\/2023\/04\/Staff_Illustration_Katharina_Schwab_BC_23-04-11-246x300.png 246w, https:\/\/africagreentec.com.dev.kalayourlife.com\/wp-content\/uploads\/2023\/04\/Staff_Illustration_Katharina_Schwab_BC_23-04-11-839x1024.png 839w, https:\/\/africagreentec.com.dev.kalayourlife.com\/wp-content\/uploads\/2023\/04\/Staff_Illustration_Katharina_Schwab_BC_23-04-11-768x938.png 768w, https:\/\/africagreentec.com.dev.kalayourlife.com\/wp-content\/uploads\/2023\/04\/Staff_Illustration_Katharina_Schwab_BC_23-04-11-1258x1536.png 1258w, https:\/\/africagreentec.com.dev.kalayourlife.com\/wp-content\/uploads\/2023\/04\/Staff_Illustration_Katharina_Schwab_BC_23-04-11-1677x2048.png 1677w, https:\/\/africagreentec.com.dev.kalayourlife.com\/wp-content\/uploads\/2023\/04\/Staff_Illustration_Katharina_Schwab_BC_23-04-11-655x800.png 655w, https:\/\/africagreentec.com.dev.kalayourlife.com\/wp-content\/uploads\/2023\/04\/Staff_Illustration_Katharina_Schwab_BC_23-04-11-983x1200.png 983w, https:\/\/africagreentec.com.dev.kalayourlife.com\/wp-content\/uploads\/2023\/04\/Staff_Illustration_Katharina_Schwab_BC_23-04-11-491x600.png 491w, https:\/\/africagreentec.com.dev.kalayourlife.com\/wp-content\/uploads\/2023\/04\/Staff_Illustration_Katharina_Schwab_BC_23-04-11-885x1080.png 885w\"\n                 alt=\"\">\n            <div class=\"text\">\n                <span class=\"name\">\n                    Katharina S.<br \/>\n22 mars 2022                <\/span>\n                <br>\n            <\/div>\n\n        <\/div>\n\n\t\t\t\t<\/div>\n\t\t\t\t<\/div>\n\t\t\t\t<div class=\"elementor-element elementor-element-6295cb5 elementor-widget elementor-widget-spacer\" data-id=\"6295cb5\" data-element_type=\"widget\" data-widget_type=\"spacer.default\">\n\t\t\t\t<div class=\"elementor-widget-container\">\n\t\t\t\t\t<div class=\"elementor-spacer\">\n\t\t\t<div class=\"elementor-spacer-inner\"><\/div>\n\t\t<\/div>\n\t\t\t\t<\/div>\n\t\t\t\t<\/div>\n\t\t\t\t\t<\/div>\n\t\t<\/div>\n\t\t\t\t\t\t\t<\/div>\n\t\t<\/section>\n\t\t\t\t<section class=\"elementor-section elementor-top-section elementor-element elementor-element-ef4920c elementor-section-boxed elementor-section-height-default elementor-section-height-default\" data-id=\"ef4920c\" data-element_type=\"section\">\n\t\t\t\t\t\t<div class=\"elementor-container elementor-column-gap-default\">\n\t\t\t\t\t<div class=\"elementor-column elementor-col-100 elementor-top-column elementor-element elementor-element-a64b8a1\" data-id=\"a64b8a1\" data-element_type=\"column\">\n\t\t\t<div class=\"elementor-widget-wrap elementor-element-populated\">\n\t\t\t\t\t\t\t\t<div class=\"elementor-element elementor-element-9aaacd0 elementor-widget elementor-widget-kyl_text\" data-id=\"9aaacd0\" data-element_type=\"widget\" data-widget_type=\"kyl_text.default\">\n\t\t\t\t<div class=\"elementor-widget-container\">\n\t\t\t\n        <div class=\"kyl_text is-left\">\n            <div class=\"container\">\n\t\t\t\t\n\t\t\t                <div class=\"text\">\n\t\t\t\t\t<p>Imagine qu\u2019il fait 40 degr\u00e9s, que le soleil br\u00fble ta peau, qu\u2019un moteur diesel g\u00e9mit en arri\u00e8re-plan, juste avant ton propre \u00e9puisement. Malgr\u00e9 la chaleur mordante, tu ne peux t\u2019emp\u00eacher de penser \u00e0 ton avenir. Les questions s\u2019accrochent \u00e0 toi, elles ne te l\u00e2chent plus : quand puis-je m\u2019attendre \u00e0 la prochaine pluie ? Combien de temps serais-je encore en s\u00e9curit\u00e9 ? Et comment puis-je me construire un avenir meilleur ?<\/p>                <\/div>\n\t\t\t\n\t\t\t        <\/div>\n        <\/div>\n\t\t\t\t<\/div>\n\t\t\t\t<\/div>\n\t\t\t\t<div class=\"elementor-element elementor-element-1d93107 elementor-widget elementor-widget-spacer\" data-id=\"1d93107\" data-element_type=\"widget\" data-widget_type=\"spacer.default\">\n\t\t\t\t<div class=\"elementor-widget-container\">\n\t\t\t\t\t<div class=\"elementor-spacer\">\n\t\t\t<div class=\"elementor-spacer-inner\"><\/div>\n\t\t<\/div>\n\t\t\t\t<\/div>\n\t\t\t\t<\/div>\n\t\t\t\t\t<\/div>\n\t\t<\/div>\n\t\t\t\t\t\t\t<\/div>\n\t\t<\/section>\n\t\t\t\t<section class=\"elementor-section elementor-top-section elementor-element elementor-element-d21c2c1 elementor-section-boxed elementor-section-height-default elementor-section-height-default\" data-id=\"d21c2c1\" data-element_type=\"section\">\n\t\t\t\t\t\t<div class=\"elementor-container elementor-column-gap-default\">\n\t\t\t\t\t<div class=\"elementor-column elementor-col-100 elementor-top-column elementor-element elementor-element-f061104\" data-id=\"f061104\" data-element_type=\"column\">\n\t\t\t<div class=\"elementor-widget-wrap elementor-element-populated\">\n\t\t\t\t\t\t\t\t<div class=\"elementor-element elementor-element-e481f9d width-full_width elementor-widget elementor-widget-kyl_images\" data-id=\"e481f9d\" data-element_type=\"widget\" data-widget_type=\"kyl_images.default\">\n\t\t\t\t<div class=\"elementor-widget-container\">\n\t\t\t\n        <div class=\"kyl_images\" data-count=\"1\">\n\n\t\t\t                <div class=\"image image1 \">\n\t\t\t\t\t<img decoding=\"async\" src=\"https:\/\/africagreentec.com.dev.kalayourlife.com\/wp-content\/uploads\/2023\/08\/DB80565D-ADA7-4507-B718-E23347CFF5EA-1536x1024-1.jpeg\" title=\"DB80565D-ADA7-4507-B718-E23347CFF5EA-1536&#215;1024\" alt=\"DB80565D-ADA7-4507-B718-E23347CFF5EA-1536x1024\" loading=\"lazy\" \/>\n\t\t\t\t\t                <\/div>\n\t\t\t\n\t\t\t\n\n        <\/div>\n\n\t\t\t\t<\/div>\n\t\t\t\t<\/div>\n\t\t\t\t<div class=\"elementor-element elementor-element-5b076b8 elementor-widget elementor-widget-spacer\" data-id=\"5b076b8\" data-element_type=\"widget\" data-widget_type=\"spacer.default\">\n\t\t\t\t<div class=\"elementor-widget-container\">\n\t\t\t\t\t<div class=\"elementor-spacer\">\n\t\t\t<div class=\"elementor-spacer-inner\"><\/div>\n\t\t<\/div>\n\t\t\t\t<\/div>\n\t\t\t\t<\/div>\n\t\t\t\t\t<\/div>\n\t\t<\/div>\n\t\t\t\t\t\t\t<\/div>\n\t\t<\/section>\n\t\t\t\t<section class=\"elementor-section elementor-top-section elementor-element elementor-element-0648b08 elementor-section-boxed elementor-section-height-default elementor-section-height-default\" data-id=\"0648b08\" data-element_type=\"section\">\n\t\t\t\t\t\t<div class=\"elementor-container elementor-column-gap-default\">\n\t\t\t\t\t<div class=\"elementor-column elementor-col-100 elementor-top-column elementor-element elementor-element-e613d06\" data-id=\"e613d06\" data-element_type=\"column\">\n\t\t\t<div class=\"elementor-widget-wrap elementor-element-populated\">\n\t\t\t\t\t\t\t\t<div class=\"elementor-element elementor-element-456670c elementor-widget elementor-widget-kyl_text\" data-id=\"456670c\" data-element_type=\"widget\" data-widget_type=\"kyl_text.default\">\n\t\t\t\t<div class=\"elementor-widget-container\">\n\t\t\t\n        <div class=\"kyl_text is-left\">\n            <div class=\"container\">\n\t\t\t\t                <h3 class=\"headline\">\n\t\t\t\tSahel \u2013 de la c\u00f4te atlantique \u00e0 la mer Rouge            <\/h3>\n\t\t\t\n\t\t\t                <div class=\"text\">\n\t\t\t\t\t<p>La zone sah\u00e9lienne, ou Sahel (arabe \u0633\u0627\u062d\u0644 \u00ab c\u00f4te \u00bb ou \u00ab rivage du d\u00e9sert \u00bb), d\u00e9crit la zone de transition entre le Sahara au nord et la savane humide au sud. Une grande partie du Sahel se forme \u00e0 partir des \u00c9tats du S\u00e9n\u00e9gal, de la Mauritanie, du Mali, du Burkina Faso et du Niger.<\/p><p>La r\u00e9gion du Sahel est pleine d\u2019histoire, de culture, de danse, de musique et surtout de gens qui aiment, rient et font la f\u00eate. Mais pour les habitants du Sahel, des circonstances difficiles et des tensions politiques viennent s\u2019ajouter.<br \/>En raison de sa situation g\u00e9ographique, le Sahel conna\u00eet des conditions climatiques particuli\u00e8res. Les longues p\u00e9riodes de s\u00e9cheresse et les rares pluies abondantes, qui ne peuvent pas \u00eatre absorb\u00e9es par le sol sec et dur, rendent l\u2019agriculture difficile. En raison de l\u2019absence de pompes \u00e0 eau ou de leur manque de fiabilit\u00e9 et de leur co\u00fbt \u00e9lev\u00e9, il ne reste souvent que l\u2019agriculture pluviale. Il s\u2019agit d\u2019une forme d\u2019agriculture dans laquelle l\u2019eau pour les cultures est fournie par les pr\u00e9cipitations et o\u00f9 aucune irrigation artificielle suppl\u00e9mentaire n\u2019est pratiqu\u00e9e. Les agriculteurs sont donc oblig\u00e9s de se d\u00e9placer tous les deux ans pour \u00e9viter de surexploiter la terre. Cela n\u2019est g\u00e9n\u00e9ralement pas possible pour des raisons financi\u00e8res et de manque de nourriture, et apr\u00e8s quelques ann\u00e9es d\u2019utilisation, le champ devient donc \u2018mort\u2019. Les terres cultivables sont donc non seulement expos\u00e9es \u00e0 des circonstances difficiles, mais elles se r\u00e9duisent \u00e9galement de plus en plus. De plus, selon la FAO, environ 40 % des r\u00e9coltes de fruits et de l\u00e9gumes sont g\u00e2ch\u00e9es, car les gens n\u2019ont pas la possibilit\u00e9 de les r\u00e9frig\u00e9rer. Dans le cadre de la crise climatique, la d\u00e9sertification continue \u00e9galement de progresser. La d\u00e9sertification d\u00e9signe l\u2019extension du d\u00e9sert, qui touche de nombreuses personnes dans la r\u00e9gion du Sahel. Chaque ann\u00e9e, une surface utile \u00e9quivalente \u00e0 celle du Bade-Wurtemberg dispara\u00eet.<\/p><p>Pour la population en constante augmentation \u2013 avoir beaucoup d\u2019enfants est une sorte de pr\u00e9voyance vieillesse \u2013 cela entra\u00eene non seulement un probl\u00e8me de pauvret\u00e9, mais aussi une grande p\u00e9nurie alimentaire. En raison de ces circonstances mena\u00e7ant l\u2019existence et d\u2019un avenir sans espoir, certaines personnes se voient contraintes de gagner leur vie par des activit\u00e9s criminelles, comme le trafic ill\u00e9gal de cigarettes, de drogues et d\u2019\u00eatres humains. Plusieurs organisations terroristes op\u00e8rent \u00e9galement au Sahel, profitant de la situation instable du gouvernement et des tensions ethniques. Les organisations non gouvernementales sont ainsi souvent bloqu\u00e9es ou emp\u00each\u00e9es d\u2019apporter leur aide.<\/p>                <\/div>\n\t\t\t\n\t\t\t        <\/div>\n        <\/div>\n\t\t\t\t<\/div>\n\t\t\t\t<\/div>\n\t\t\t\t<div class=\"elementor-element elementor-element-15ca772 elementor-widget elementor-widget-spacer\" data-id=\"15ca772\" data-element_type=\"widget\" data-widget_type=\"spacer.default\">\n\t\t\t\t<div class=\"elementor-widget-container\">\n\t\t\t\t\t<div class=\"elementor-spacer\">\n\t\t\t<div class=\"elementor-spacer-inner\"><\/div>\n\t\t<\/div>\n\t\t\t\t<\/div>\n\t\t\t\t<\/div>\n\t\t\t\t\t<\/div>\n\t\t<\/div>\n\t\t\t\t\t\t\t<\/div>\n\t\t<\/section>\n\t\t\t\t<section class=\"elementor-section elementor-top-section elementor-element elementor-element-7e07462 elementor-section-full_width elementor-section-height-default elementor-section-height-default\" data-id=\"7e07462\" data-element_type=\"section\">\n\t\t\t\t\t\t<div class=\"elementor-container elementor-column-gap-default\">\n\t\t\t\t\t<div class=\"elementor-column elementor-col-100 elementor-top-column elementor-element elementor-element-3f0cfb8\" data-id=\"3f0cfb8\" data-element_type=\"column\">\n\t\t\t<div class=\"elementor-widget-wrap elementor-element-populated\">\n\t\t\t\t\t\t\t\t<div class=\"elementor-element elementor-element-2ff91ee elementor-widget elementor-widget-kyl_image_teaser_slant_medium\" data-id=\"2ff91ee\" data-element_type=\"widget\" data-widget_type=\"kyl_image_teaser_slant_medium.default\">\n\t\t\t\t<div class=\"elementor-widget-container\">\n\t\t\t\n        <div class=\"kyl_image_teaser_slant_medium\">\n            <div class=\"container is-left\">\n                <div class=\"wrapper-image\">\n\t\t\t\t\t\t\t\t\t\t\t                        <img decoding=\"async\" src=\"https:\/\/africagreentec.com.dev.kalayourlife.com\/wp-content\/uploads\/2023\/08\/4CDE73CA-9ED1-4887-B60C-07CDBB4E00E9-1536x864-1.png\" alt=\"4CDE73CA-9ED1-4887-B60C-07CDBB4E00E9-1536x864\" title=\"4CDE73CA-9ED1-4887-B60C-07CDBB4E00E9-1536&#215;864\" class=\"image calc-slant calc-slant-right\">\n\t\t\t\t\t                <\/div>\n                <div class=\"wrapper-text\">\n\n\t\t\t\t\t\n\t\t\t\t\t\n\t\t\t\t                    <div class=\"text\">\n\t\t\t\t\t\t<p>De nombreuses personnes vivant au Sahel souhaitent un changement, une construction et des solutions aux probl\u00e8mes et aux causes de leur pays, mais la faiblesse des infrastructures de ces pays ne le permet souvent pas. C\u2019est pourquoi la seule option pour de nombreuses personnes est de quitter leur propre pays. Au cours des deux derni\u00e8res ann\u00e9es, le nombre de personnes d\u00e9plac\u00e9es \u00e0 l\u2019int\u00e9rieur de leur propre pays a \u00e9t\u00e9 multipli\u00e9 par quatre, un chiffre jamais atteint auparavant. Les d\u00e9plac\u00e9s internes sont des personnes qui fuient leur propre pays, ils fuient des r\u00e9gions ou des comt\u00e9s sp\u00e9cifiques. Les pays voisins sont souvent confront\u00e9s aux m\u00eames d\u00e9fis que le leur, c\u2019est pourquoi beaucoup esp\u00e8rent finir par arriver en Europe. Ce sont surtout les jeunes qui prennent le chemin de la mort, car ils ne voient que peu d\u2019avenir dans leur propre pays. Mais selon l\u2019ONU, au moins deux fois plus de personnes meurent sur le seul chemin de la M\u00e9diterran\u00e9e que dans la M\u00e9diterran\u00e9e elle-m\u00eame. Sur le chemin, de nombreuses personnes doivent traverser le d\u00e9sert ou des r\u00e9gions en guerre. Ils y sont souvent expos\u00e9s sans protection aux trafiquants d\u2019\u00eatres humains, \u00e0 la torture et \u00e0 la d\u00e9tention. Mais m\u00eame si les personnes en fuite parviennent \u00e0 traverser le d\u00e9sert et la M\u00e9diterran\u00e9e, cela ne signifie pas qu\u2019elles pourront rester en Europe \u00e0 long terme ou qu\u2019elles y seront accueillies.<\/p><p>Le grand mouvement de r\u00e9fugi\u00e9s en provenance du Sahel n\u2019est en aucun cas un d\u00e9veloppement r\u00e9cent. Depuis des d\u00e9cennies, des centaines de milliers de personnes fuient par peur, par d\u00e9sespoir et surtout par manque de perspectives dans leur propre pays. La seule solution \u00e0 long terme : une am\u00e9lioration fondamentale des conditions de vie sur place.<\/p>                    <\/div>\n\t\t\t\t\n\t\t\t\t\n            <\/div>\n        <\/div>\n        <\/div>\n\n\t\t\t\t<\/div>\n\t\t\t\t<\/div>\n\t\t\t\t<div class=\"elementor-element elementor-element-01edccd elementor-widget elementor-widget-spacer\" data-id=\"01edccd\" data-element_type=\"widget\" data-widget_type=\"spacer.default\">\n\t\t\t\t<div class=\"elementor-widget-container\">\n\t\t\t\t\t<div class=\"elementor-spacer\">\n\t\t\t<div class=\"elementor-spacer-inner\"><\/div>\n\t\t<\/div>\n\t\t\t\t<\/div>\n\t\t\t\t<\/div>\n\t\t\t\t\t<\/div>\n\t\t<\/div>\n\t\t\t\t\t\t\t<\/div>\n\t\t<\/section>\n\t\t\t\t<section class=\"elementor-section elementor-top-section elementor-element elementor-element-1ead798 elementor-section-boxed elementor-section-height-default elementor-section-height-default\" data-id=\"1ead798\" data-element_type=\"section\">\n\t\t\t\t\t\t<div class=\"elementor-container elementor-column-gap-default\">\n\t\t\t\t\t<div class=\"elementor-column elementor-col-100 elementor-top-column elementor-element elementor-element-f67d849\" data-id=\"f67d849\" data-element_type=\"column\">\n\t\t\t<div class=\"elementor-widget-wrap elementor-element-populated\">\n\t\t\t\t\t\t\t\t<div class=\"elementor-element elementor-element-d6b907c elementor-widget elementor-widget-kyl_text\" data-id=\"d6b907c\" data-element_type=\"widget\" data-widget_type=\"kyl_text.default\">\n\t\t\t\t<div class=\"elementor-widget-container\">\n\t\t\t\n        <div class=\"kyl_text is-left\">\n            <div class=\"container\">\n\t\t\t\t                <h3 class=\"headline\">\n\t\t\t\tDe nouvelles perspectives de changement            <\/h3>\n\t\t\t\n\t\t\t                <div class=\"text\">\n\t\t\t\t\t<p>Pour offrir des chances d\u2019am\u00e9liorer les conditions de vie \u00e0 l\u2019avenir, les gouvernements doivent fournir des ressources et des \u00e9l\u00e9ments de base (par ex. \u00e9ducation, infrastructure) qui garantissent un approvisionnement suffisant de la population, au moins en denr\u00e9es alimentaires.<\/p>                <\/div>\n\t\t\t\n\t\t\t        <\/div>\n        <\/div>\n\t\t\t\t<\/div>\n\t\t\t\t<\/div>\n\t\t\t\t<div class=\"elementor-element elementor-element-a75821f elementor-widget elementor-widget-spacer\" data-id=\"a75821f\" data-element_type=\"widget\" data-widget_type=\"spacer.default\">\n\t\t\t\t<div class=\"elementor-widget-container\">\n\t\t\t\t\t<div class=\"elementor-spacer\">\n\t\t\t<div class=\"elementor-spacer-inner\"><\/div>\n\t\t<\/div>\n\t\t\t\t<\/div>\n\t\t\t\t<\/div>\n\t\t\t\t\t<\/div>\n\t\t<\/div>\n\t\t\t\t\t\t\t<\/div>\n\t\t<\/section>\n\t\t\t\t<section class=\"elementor-section elementor-top-section elementor-element elementor-element-132fb82 elementor-section-full_width elementor-section-height-default elementor-section-height-default\" data-id=\"132fb82\" data-element_type=\"section\">\n\t\t\t\t\t\t<div class=\"elementor-container elementor-column-gap-default\">\n\t\t\t\t\t<div class=\"elementor-column elementor-col-100 elementor-top-column elementor-element elementor-element-f13992f\" data-id=\"f13992f\" data-element_type=\"column\">\n\t\t\t<div class=\"elementor-widget-wrap elementor-element-populated\">\n\t\t\t\t\t\t\t\t<div class=\"elementor-element elementor-element-30d2d24 elementor-widget elementor-widget-kyl_image_teaser_slant_medium\" data-id=\"30d2d24\" data-element_type=\"widget\" data-widget_type=\"kyl_image_teaser_slant_medium.default\">\n\t\t\t\t<div class=\"elementor-widget-container\">\n\t\t\t\n        <div class=\"kyl_image_teaser_slant_medium\">\n            <div class=\"container is-right\">\n                <div class=\"wrapper-image\">\n\t\t\t\t\t\t\t\t\t\t\t                        <img decoding=\"async\" src=\"https:\/\/africagreentec.com.dev.kalayourlife.com\/wp-content\/uploads\/2022\/03\/4B9C189C-95E9-4058-8474-F38F32B4A1CE-scaled-1.jpeg\" alt=\"4B9C189C-95E9-4058-8474-F38F32B4A1CE-scaled\" title=\"4B9C189C-95E9-4058-8474-F38F32B4A1CE-scaled\" class=\"image calc-slant calc-slant-left\">\n\t\t\t\t\t                <\/div>\n                <div class=\"wrapper-text\">\n\n\t\t\t\t\t\n\t\t\t\t\t\n\t\t\t\t                    <div class=\"text\">\n\t\t\t\t\t\t<p>Une ressource quasiment inexploit\u00e9e jusqu\u2019\u00e0 pr\u00e9sent dans la r\u00e9gion du Sahel est la lumi\u00e8re du soleil, qui peut \u00eatre transform\u00e9e en \u00e9lectricit\u00e9 gr\u00e2ce \u00e0 des panneaux solaires. L\u2019acc\u00e8s \u00e0 une \u00e9lectricit\u00e9 produite de mani\u00e8re durable constitue la base d\u2019un d\u00e9veloppement durable des pays de la r\u00e9gion du Sahel. M\u00eame de petites quantit\u00e9s d\u2019\u00e9nergie ont un impact positif important sur la qualit\u00e9 de vie des populations. L\u2019augmentation de la consommation d\u2019\u00e9lectricit\u00e9 accro\u00eet la productivit\u00e9, ce qui cr\u00e9e davantage d\u2019emplois et augmente les revenus.<\/p><p>Gr\u00e2ce \u00e0 l\u2019acc\u00e8s \u00e0 l\u2019\u00e9lectricit\u00e9, les gens auraient \u00e9galement la possibilit\u00e9 d\u2019utiliser Internet, ce qui permettrait une meilleure \u00e9ducation pour les jeunes du Sahel et les aiderait ainsi \u00e0 devenir plus autonomes. Une meilleure \u00e9ducation permet de soutenir la croissance \u00e9conomique des pays.<\/p><p>Les agriculteurs profitent \u00e9galement de l\u2019acc\u00e8s \u00e0 l\u2019\u00e9lectricit\u00e9 solaire, ce qui leur permet d\u2019utiliser des pompes \u00e0 eau pour irriguer r\u00e9guli\u00e8rement leurs champs ou de conserver les aliments plus longtemps gr\u00e2ce \u00e0 des syst\u00e8mes de refroidissement solaires. Ils ne seraient plus d\u00e9pendants des pr\u00e9cipitations ou des g\u00e9n\u00e9rateurs diesel vieillissants, qui co\u00fbtent cher \u00e0 entretenir et ne sont pas fiables. De plus, le diesel \u00e9tant cher, rares sont les personnes qui peuvent se permettre d\u2019utiliser un moteur, et si c\u2019est le cas, ce n\u2019est que pour quelques heures par jour. L\u2019utilisation de l\u2019\u00e9nergie solaire permettrait donc d\u2019avoir des sources de nourriture plus stables sans avoir \u00e0 craindre la prochaine perte de r\u00e9colte ou la d\u00e9t\u00e9rioration rapide de celle-ci.<\/p>                    <\/div>\n\t\t\t\t\n\t\t\t\t\n            <\/div>\n        <\/div>\n        <\/div>\n\n\t\t\t\t<\/div>\n\t\t\t\t<\/div>\n\t\t\t\t<div class=\"elementor-element elementor-element-9666389 elementor-widget elementor-widget-spacer\" data-id=\"9666389\" data-element_type=\"widget\" data-widget_type=\"spacer.default\">\n\t\t\t\t<div class=\"elementor-widget-container\">\n\t\t\t\t\t<div class=\"elementor-spacer\">\n\t\t\t<div class=\"elementor-spacer-inner\"><\/div>\n\t\t<\/div>\n\t\t\t\t<\/div>\n\t\t\t\t<\/div>\n\t\t\t\t\t<\/div>\n\t\t<\/div>\n\t\t\t\t\t\t\t<\/div>\n\t\t<\/section>\n\t\t\t\t<section class=\"elementor-section elementor-top-section elementor-element elementor-element-d978fc3 elementor-section-boxed elementor-section-height-default elementor-section-height-default\" data-id=\"d978fc3\" data-element_type=\"section\">\n\t\t\t\t\t\t<div class=\"elementor-container elementor-column-gap-default\">\n\t\t\t\t\t<div class=\"elementor-column elementor-col-100 elementor-top-column elementor-element elementor-element-eb10210\" data-id=\"eb10210\" data-element_type=\"column\">\n\t\t\t<div class=\"elementor-widget-wrap elementor-element-populated\">\n\t\t\t\t\t\t\t\t<div class=\"elementor-element elementor-element-c54f872 elementor-widget elementor-widget-kyl_text\" data-id=\"c54f872\" data-element_type=\"widget\" data-widget_type=\"kyl_text.default\">\n\t\t\t\t<div class=\"elementor-widget-container\">\n\t\t\t\n        <div class=\"kyl_text is-left\">\n            <div class=\"container\">\n\t\t\t\t\n\t\t\t                <div class=\"text\">\n\t\t\t\t\t<p>L\u2019acc\u00e8s \u00e0 l\u2019\u00e9lectricit\u00e9 ne constituerait donc pas seulement une partie de la solution \u00e0 la p\u00e9nurie alimentaire dans la r\u00e9gion du Sahel, mais offrirait \u00e9galement des perspectives aux jeunes. De plus, une meilleure formation de la main-d\u2019\u0153uvre qualifi\u00e9e aurait un impact positif sur l\u2019\u00e9conomie. En r\u00e9solvant ces probl\u00e8mes fondamentaux qui menacent l\u2019existence des populations, les conflits au sein du Sahel pourraient se d\u00e9sagr\u00e9ger et ainsi offriraient ainsi aux populations la s\u00e9curit\u00e9 dans leur propre pays, tout en pr\u00e9parant les chances de nouveaux gouvernements plus stables.<\/p><p>C\u2019est pr\u00e9cis\u00e9ment \u00e0 cette approche de l\u2019\u00e9nergie solaire que nous voulons nous rattacher en tant qu\u2019Africa GreenTec. Nous essayons ainsi de faire un pas dans la bonne direction en offrant aux habitants de la r\u00e9gion du Sahel la possibilit\u00e9 d\u2019utiliser durablement des \u00e9nergies renouvelables. De plus, les villages ont la possibilit\u00e9 d\u2019utiliser des syst\u00e8mes de refroidissement solaires pour les denr\u00e9es alimentaires, et nous soutenons \u00e9galement les agriculteurs en leur fournissant des syst\u00e8mes de purification de l\u2019eau et d\u2019irrigation.<br \/>Nos conteneurs solaires permettent non seulement aux m\u00e9nages priv\u00e9s d\u2019utiliser l\u2019\u00e9lectricit\u00e9, mais aussi aux entreprises, comme celle de Modibo Traore (vous pouvez lire son ImpactStory sur notre ImpactBlog), ainsi qu\u2019aux institutions sociales, comme les \u00e9coles ou les h\u00f4pitaux. Nous essayons en particulier de cr\u00e9er des emplois sur place afin de former du personnel qualifi\u00e9 et de perfectionner les infrastructures. En se concentrant sur ce courant productif, l\u2019approche d\u2019Africa GreenTec se distingue de mani\u00e8re d\u00e9cisive des pico-installations solaires qui permettent uniquement aux m\u00e9nages priv\u00e9s d\u2019utiliser des chargeurs ou des lampes LED.<\/p><p>Actuellement, nous soutenons plus de 20 villages au Mali et au Niger (bient\u00f4t au S\u00e9n\u00e9gal, au Tchad et \u00e0 Madagascar) avec de l\u2019\u00e9lectricit\u00e9 solaire et nous travaillons chaque jour pour offrir \u00e0 davantage de personnes la chance d\u2019avoir acc\u00e8s \u00e0 une \u00e9nergie durable dans d\u2019autres pays \u00e9galement. Dans les villages avec lesquels nous travaillons d\u00e9j\u00e0, nous avons constat\u00e9 que notre travail et nos produits sont g\u00e9n\u00e9ralement bien per\u00e7us et ont un impact positif sur la vie des habitants, comme par exemple celui de Diessira Diallo (vous trouverez \u00e9galement son ImpactStory sur notre ImpactBlog).<\/p>                <\/div>\n\t\t\t\n\t\t\t        <\/div>\n        <\/div>\n\t\t\t\t<\/div>\n\t\t\t\t<\/div>\n\t\t\t\t<div class=\"elementor-element elementor-element-191b488 elementor-widget elementor-widget-spacer\" data-id=\"191b488\" data-element_type=\"widget\" data-widget_type=\"spacer.default\">\n\t\t\t\t<div class=\"elementor-widget-container\">\n\t\t\t\t\t<div class=\"elementor-spacer\">\n\t\t\t<div class=\"elementor-spacer-inner\"><\/div>\n\t\t<\/div>\n\t\t\t\t<\/div>\n\t\t\t\t<\/div>\n\t\t\t\t\t<\/div>\n\t\t<\/div>\n\t\t\t\t\t\t\t<\/div>\n\t\t<\/section>\n\t\t\t\t<section class=\"elementor-section elementor-top-section elementor-element elementor-element-42e1aec elementor-section-boxed elementor-section-height-default elementor-section-height-default\" data-id=\"42e1aec\" data-element_type=\"section\">\n\t\t\t\t\t\t<div class=\"elementor-container elementor-column-gap-default\">\n\t\t\t\t\t<div class=\"elementor-column elementor-col-100 elementor-top-column elementor-element elementor-element-f674d5d\" data-id=\"f674d5d\" data-element_type=\"column\">\n\t\t\t<div class=\"elementor-widget-wrap elementor-element-populated\">\n\t\t\t\t\t\t\t\t<div class=\"elementor-element elementor-element-7646561 elementor-widget elementor-widget-kyl_text\" data-id=\"7646561\" data-element_type=\"widget\" data-widget_type=\"kyl_text.default\">\n\t\t\t\t<div class=\"elementor-widget-container\">\n\t\t\t\n        <div class=\"kyl_text is-left\">\n            <div class=\"container\">\n\t\t\t\t                <h3 class=\"headline\">\n\t\t\t\tLes personnes sur place : des clients plut\u00f4t que des b\u00e9n\u00e9ficiaires de dons            <\/h3>\n\t\t\t\n\t\t\t                <div class=\"text\">\n\t\t\t\t\t<p>Il est essentiel pour nous de rencontrer les gens sur place d\u2019\u00e9gal \u00e0 \u00e9gal, c\u2019est pourquoi nous ne faisons pas de cadeaux ou de dons pour nos prestations. Les prix et les salaires sont adapt\u00e9s aux lieux respectifs, ce qui permet \u00e0 un ImpactSite de s\u2019autofinancer et d\u2019\u00eatre entretenu.<br \/>Le grand objectif est de cr\u00e9er de nouvelles opportunit\u00e9s pour les personnes, les entreprises et les agriculteurs, et surtout de cr\u00e9er des perspectives de vie pour les g\u00e9n\u00e9rations futures. Il est important pour nous de ne pas lancer de projets \u00e9ph\u00e9m\u00e8res dans les villages concern\u00e9s, mais de renforcer ou de mettre en place des structures \u00e0 long terme.<br \/>Nous essayons ainsi de redonner aux jeunes l\u2019espoir en leur propre avenir et la possibilit\u00e9 de construire quelque chose dans leur pays.<\/p>                <\/div>\n\t\t\t\n\t\t\t        <\/div>\n        <\/div>\n\t\t\t\t<\/div>\n\t\t\t\t<\/div>\n\t\t\t\t<div class=\"elementor-element elementor-element-bd2f538 elementor-widget elementor-widget-spacer\" data-id=\"bd2f538\" data-element_type=\"widget\" data-widget_type=\"spacer.default\">\n\t\t\t\t<div class=\"elementor-widget-container\">\n\t\t\t\t\t<div class=\"elementor-spacer\">\n\t\t\t<div class=\"elementor-spacer-inner\"><\/div>\n\t\t<\/div>\n\t\t\t\t<\/div>\n\t\t\t\t<\/div>\n\t\t\t\t\t<\/div>\n\t\t<\/div>\n\t\t\t\t\t\t\t<\/div>\n\t\t<\/section>\n\t\t\t\t<section class=\"elementor-section elementor-top-section elementor-element elementor-element-7c370f6 elementor-section-boxed elementor-section-height-default elementor-section-height-default\" data-id=\"7c370f6\" data-element_type=\"section\">\n\t\t\t\t\t\t<div class=\"elementor-container elementor-column-gap-default\">\n\t\t\t\t\t<div class=\"elementor-column elementor-col-100 elementor-top-column elementor-element elementor-element-63034d8\" data-id=\"63034d8\" data-element_type=\"column\">\n\t\t\t<div class=\"elementor-widget-wrap elementor-element-populated\">\n\t\t\t\t\t\t\t\t<div class=\"elementor-element elementor-element-2e02d28 width-full_width elementor-widget elementor-widget-kyl_images\" data-id=\"2e02d28\" data-element_type=\"widget\" data-widget_type=\"kyl_images.default\">\n\t\t\t\t<div class=\"elementor-widget-container\">\n\t\t\t\n        <div class=\"kyl_images\" data-count=\"1\">\n\n\t\t\t                <div class=\"image image1 \">\n\t\t\t\t\t<img decoding=\"async\" src=\"https:\/\/africagreentec.com.dev.kalayourlife.com\/wp-content\/uploads\/2023\/08\/F3C1EC16-9085-4E5F-9909-6E3A8359615B.jpeg\" title=\"F3C1EC16-9085-4E5F-9909-6E3A8359615B\" alt=\"F3C1EC16-9085-4E5F-9909-6E3A8359615B\" loading=\"lazy\" \/>\n\t\t\t\t\t<div class=\"text\"><p>Notre conteneur solaire \u00e0 N'diob<\/p><\/div>                <\/div>\n\t\t\t\n\t\t\t\n\n        <\/div>\n\n\t\t\t\t<\/div>\n\t\t\t\t<\/div>\n\t\t\t\t<div class=\"elementor-element elementor-element-317a59d elementor-widget elementor-widget-spacer\" data-id=\"317a59d\" data-element_type=\"widget\" data-widget_type=\"spacer.default\">\n\t\t\t\t<div class=\"elementor-widget-container\">\n\t\t\t\t\t<div class=\"elementor-spacer\">\n\t\t\t<div class=\"elementor-spacer-inner\"><\/div>\n\t\t<\/div>\n\t\t\t\t<\/div>\n\t\t\t\t<\/div>\n\t\t\t\t\t<\/div>\n\t\t<\/div>\n\t\t\t\t\t\t\t<\/div>\n\t\t<\/section>\n\t\t\t\t<section class=\"elementor-section elementor-top-section elementor-element elementor-element-30ed91c elementor-section-boxed elementor-section-height-default elementor-section-height-default\" data-id=\"30ed91c\" data-element_type=\"section\">\n\t\t\t\t\t\t<div class=\"elementor-container elementor-column-gap-default\">\n\t\t\t\t\t<div class=\"elementor-column elementor-col-100 elementor-top-column elementor-element elementor-element-fce3bae\" data-id=\"fce3bae\" data-element_type=\"column\">\n\t\t\t<div class=\"elementor-widget-wrap elementor-element-populated\">\n\t\t\t\t\t\t\t\t<div class=\"elementor-element elementor-element-73a1427 elementor-widget elementor-widget-kyl_text\" data-id=\"73a1427\" data-element_type=\"widget\" data-widget_type=\"kyl_text.default\">\n\t\t\t\t<div class=\"elementor-widget-container\">\n\t\t\t\n        <div class=\"kyl_text is-left\">\n            <div class=\"container\">\n\t\t\t\t\n\t\t\t                <div class=\"text\">\n\t\t\t\t\t<p>Un approvisionnement \u00e9nerg\u00e9tique stable pour les habitants de la r\u00e9gion du Sahel signifie que de nombreuses personnes ne d\u00e9pendent plus des prochaines pr\u00e9cipitations, de vieux moteurs diesel bricol\u00e9s ou de l\u2019heure du jour. Gr\u00e2ce \u00e0 ces assurances, les conflits dans les pays ont une chance de s\u2019apaiser et les gens se sentent \u00e0 nouveau en s\u00e9curit\u00e9 chez eux, au lieu de prendre le risque de fuir.<\/p><p>Tous les probl\u00e8mes ne seront pas r\u00e9solus par l\u2019\u00e9nergie solaire, mais elle donne aux habitants de la r\u00e9gion du Sahel une chance qu\u2019ils n\u2019auraient pas autrement. Une chance qui est pour nous banale : la stabilit\u00e9 et des perspectives d\u2019avenir dans leur propre pays \u2013 ce qui leur permet de ne plus devoir fuir et de construire quelque chose sur place.<\/p>                <\/div>\n\t\t\t\n\t\t\t        <\/div>\n        <\/div>\n\t\t\t\t<\/div>\n\t\t\t\t<\/div>\n\t\t\t\t\t<\/div>\n\t\t<\/div>\n\t\t\t\t\t\t\t<\/div>\n\t\t<\/section>\n\t\t\t\t<section class=\"elementor-section elementor-top-section elementor-element elementor-element-8ffc89a elementor-section-boxed elementor-section-height-default elementor-section-height-default\" data-id=\"8ffc89a\" data-element_type=\"section\">\n\t\t\t\t\t\t<div class=\"elementor-container elementor-column-gap-default\">\n\t\t\t\t\t<div class=\"elementor-column elementor-col-100 elementor-top-column elementor-element elementor-element-dff3f01\" data-id=\"dff3f01\" data-element_type=\"column\">\n\t\t\t<div class=\"elementor-widget-wrap elementor-element-populated\">\n\t\t\t\t\t\t\t\t<div class=\"elementor-element elementor-element-9e3d174 elementor-widget elementor-widget-spacer\" data-id=\"9e3d174\" data-element_type=\"widget\" data-widget_type=\"spacer.default\">\n\t\t\t\t<div class=\"elementor-widget-container\">\n\t\t\t\t\t<div class=\"elementor-spacer\">\n\t\t\t<div class=\"elementor-spacer-inner\"><\/div>\n\t\t<\/div>\n\t\t\t\t<\/div>\n\t\t\t\t<\/div>\n\t\t\t\t\t<\/div>\n\t\t<\/div>\n\t\t\t\t\t\t\t<\/div>\n\t\t<\/section>\n\t\t\t\t<section class=\"elementor-section elementor-top-section elementor-element elementor-element-f5dbeb0 elementor-section-boxed elementor-section-height-default elementor-section-height-default\" data-id=\"f5dbeb0\" data-element_type=\"section\">\n\t\t\t\t\t\t<div class=\"elementor-container elementor-column-gap-default\">\n\t\t\t\t\t<div class=\"elementor-column elementor-col-100 elementor-top-column elementor-element elementor-element-57f85a8\" data-id=\"57f85a8\" data-element_type=\"column\">\n\t\t\t<div class=\"elementor-widget-wrap elementor-element-populated\">\n\t\t\t\t\t\t\t\t<div class=\"elementor-element elementor-element-029810c elementor-widget elementor-widget-kyl_teaser_contentpage\" data-id=\"029810c\" data-element_type=\"widget\" data-widget_type=\"kyl_teaser_contentpage.default\">\n\t\t\t\t<div class=\"elementor-widget-container\">\n\t\t\t\n        <div class=\"kyl_teaser_contentpage color-dark-slate-blue\">\n\n                            <h3 class=\"headline\">\n                    NEWS                <\/h3>\n            \n            <div class=\"swiper\">\n                <div class=\"swiper-wrapper\">\n                                            <div class=\"swiper-slide\">\n                                                        <a href=\"https:\/\/africagreentec.com.dev.kalayourlife.com\/fr\/impactblog\/rebranding-grace-a-vous\/\">\n                                                            <img loading=\"lazy\" width=\"300\" height=\"172\" src=\"https:\/\/africagreentec.com.dev.kalayourlife.com\/wp-content\/uploads\/2023\/12\/Deutschland_V2-300x172.png\" class=\"image\" alt=\"Deutschland_V2.png\" decoding=\"async\" title=\"Deutschland_V2.png\" srcset=\"https:\/\/africagreentec.com.dev.kalayourlife.com\/wp-content\/uploads\/2023\/12\/Deutschland_V2-300x172.png 300w, https:\/\/africagreentec.com.dev.kalayourlife.com\/wp-content\/uploads\/2023\/12\/Deutschland_V2-1024x589.png 1024w, https:\/\/africagreentec.com.dev.kalayourlife.com\/wp-content\/uploads\/2023\/12\/Deutschland_V2-768x441.png 768w, https:\/\/africagreentec.com.dev.kalayourlife.com\/wp-content\/uploads\/2023\/12\/Deutschland_V2-1536x883.png 1536w, https:\/\/africagreentec.com.dev.kalayourlife.com\/wp-content\/uploads\/2023\/12\/Deutschland_V2-2048x1177.png 2048w\" sizes=\"(max-width: 300px) 100vw, 300px\" \/>                                <div class=\"title\">\n                                    Rebranding, gr\u00e2ce \u00e0 vous !                                <\/div>\n                                                                <span class=\"icon\"><\/span>\n                            <\/a>\n                                                <\/div>\n                                            <div class=\"swiper-slide\">\n                                                        <a href=\"https:\/\/africagreentec.com.dev.kalayourlife.com\/fr\/impactblog\/chretiens-et-musulmans-jeunent-ensemble-au-senegal\/\">\n                                                            <img loading=\"lazy\" width=\"300\" height=\"207\" src=\"https:\/\/africagreentec.com.dev.kalayourlife.com\/wp-content\/uploads\/2023\/12\/IMG_7105-scaled-1-300x207.jpg\" class=\"image\" alt=\"IMG_7105-scaled.jpg\" decoding=\"async\" title=\"IMG_7105-scaled.jpg\" srcset=\"https:\/\/africagreentec.com.dev.kalayourlife.com\/wp-content\/uploads\/2023\/12\/IMG_7105-scaled-1-300x207.jpg 300w, https:\/\/africagreentec.com.dev.kalayourlife.com\/wp-content\/uploads\/2023\/12\/IMG_7105-scaled-1-1024x705.jpg 1024w, https:\/\/africagreentec.com.dev.kalayourlife.com\/wp-content\/uploads\/2023\/12\/IMG_7105-scaled-1-768x529.jpg 768w, https:\/\/africagreentec.com.dev.kalayourlife.com\/wp-content\/uploads\/2023\/12\/IMG_7105-scaled-1-1536x1058.jpg 1536w, https:\/\/africagreentec.com.dev.kalayourlife.com\/wp-content\/uploads\/2023\/12\/IMG_7105-scaled-1-2048x1410.jpg 2048w\" sizes=\"(max-width: 300px) 100vw, 300px\" \/>                                <div class=\"title\">\n                                    Chr\u00e9tiens et musulmans je\u00fbnent ensemble au S\u00e9n\u00e9gal                                <\/div>\n                                                                <span class=\"icon\"><\/span>\n                            <\/a>\n                                                <\/div>\n                                            <div class=\"swiper-slide\">\n                                                        <a href=\"https:\/\/africagreentec.com.dev.kalayourlife.com\/fr\/impactblog\/opportunites-et-difficultes-pour-les-jeunes-a-madagascar\/\">\n                                                            <img loading=\"lazy\" width=\"300\" height=\"225\" src=\"https:\/\/africagreentec.com.dev.kalayourlife.com\/wp-content\/uploads\/2023\/12\/IMG_3487-1536x1152-1-300x225.jpg\" class=\"image\" alt=\"IMG_3487-1536x1152-1.jpg\" decoding=\"async\" title=\"IMG_3487-1536&#215;1152-1.jpg\" srcset=\"https:\/\/africagreentec.com.dev.kalayourlife.com\/wp-content\/uploads\/2023\/12\/IMG_3487-1536x1152-1-300x225.jpg 300w, https:\/\/africagreentec.com.dev.kalayourlife.com\/wp-content\/uploads\/2023\/12\/IMG_3487-1536x1152-1-1024x768.jpg 1024w, https:\/\/africagreentec.com.dev.kalayourlife.com\/wp-content\/uploads\/2023\/12\/IMG_3487-1536x1152-1-768x576.jpg 768w, https:\/\/africagreentec.com.dev.kalayourlife.com\/wp-content\/uploads\/2023\/12\/IMG_3487-1536x1152-1.jpg 1536w\" sizes=\"(max-width: 300px) 100vw, 300px\" \/>                                <div class=\"title\">\n                                    Opportunit\u00e9s et difficult\u00e9s pour les jeunes \u00e0 Madagascar                                <\/div>\n                                                                <span class=\"icon\"><\/span>\n                            <\/a>\n                                                <\/div>\n                                    <\/div>\n            <\/div>\n        <\/div>\n\n        \t\t<\/div>\n\t\t\t\t<\/div>\n\t\t\t\t\t<\/div>\n\t\t<\/div>\n\t\t\t\t\t\t\t<\/div>\n\t\t<\/section>\n\t\t\t\t\t\t\t<\/div>\n\t\t","protected":false},"featured_media":7313,"template":"","impactblog_kategorien":[65],"acf":[],"yoast_head":"<!-- This site is optimized with the Yoast SEO plugin v21.4 - https:\/\/yoast.com\/wordpress\/plugins\/seo\/ -->\n<title>Fuir le Sahel pour l\u2019Europe, comment l\u2019acc\u00e8s \u00e0 l\u2019\u00e9lectricit\u00e9 fait la diff\u00e9rence - Africa GreenTec AG<\/title>\n<meta name=\"description\" content=\"Imagine qu\u2019il fait 40 degr\u00e9s, que le soleil br\u00fble ta peau, qu\u2019un moteur diesel g\u00e9mit en arri\u00e8re-plan, juste avant ton propre \u00e9puisement. Malgr\u00e9 la chaleur mordante, tu ne peux t\u2019emp\u00eacher de penser \u00e0 ton avenir. Les questions s\u2019accrochent \u00e0 toi, elles ne te l\u00e2chent plus : quand puis-je m\u2019attendre \u00e0 la prochaine pluie ? Combien de temps serais-je encore en s\u00e9curit\u00e9 ? Et comment puis-je me construire un avenir meilleur ?\" \/>\n<meta name=\"robots\" content=\"noindex, follow, max-snippet:-1, max-image-preview:large, max-video-preview:-1\" \/>\n<meta property=\"og:locale\" content=\"fr_FR\" \/>\n<meta property=\"og:type\" content=\"article\" \/>\n<meta property=\"og:title\" content=\"Fuir le Sahel pour l\u2019Europe, comment l\u2019acc\u00e8s \u00e0 l\u2019\u00e9lectricit\u00e9 fait la diff\u00e9rence - Africa GreenTec AG\" \/>\n<meta property=\"og:description\" content=\"Imagine qu\u2019il fait 40 degr\u00e9s, que le soleil br\u00fble ta peau, qu\u2019un moteur diesel g\u00e9mit en arri\u00e8re-plan, juste avant ton propre \u00e9puisement. Malgr\u00e9 la chaleur mordante, tu ne peux t\u2019emp\u00eacher de penser \u00e0 ton avenir. Les questions s\u2019accrochent \u00e0 toi, elles ne te l\u00e2chent plus : quand puis-je m\u2019attendre \u00e0 la prochaine pluie ? Combien de temps serais-je encore en s\u00e9curit\u00e9 ? Et comment puis-je me construire un avenir meilleur ?\" \/>\n<meta property=\"og:url\" content=\"https:\/\/africagreentec.com.dev.kalayourlife.com\/fr\/impactblog\/fuir-le-sahel-pour-leurope-comment-lacces-a-lelectricite-fait-la-difference\/\" \/>\n<meta property=\"og:site_name\" content=\"Africa GreenTec AG\" \/>\n<meta property=\"article:publisher\" content=\"https:\/\/de-de.facebook.com\/AfricaGreenTec\/\" \/>\n<meta property=\"article:modified_time\" content=\"2023-12-01T12:46:57+00:00\" \/>\n<meta property=\"og:image\" content=\"https:\/\/africagreentec.com.dev.kalayourlife.com\/wp-content\/uploads\/2023\/08\/DB80565D-ADA7-4507-B718-E23347CFF5EA-2048x1365-1.jpeg\" \/>\n\t<meta property=\"og:image:width\" content=\"2048\" \/>\n\t<meta property=\"og:image:height\" content=\"1365\" \/>\n\t<meta property=\"og:image:type\" content=\"image\/jpeg\" \/>\n<meta name=\"twitter:card\" content=\"summary_large_image\" \/>\n<meta name=\"twitter:site\" content=\"@AfricaGreenTec\" \/>\n<meta name=\"twitter:label1\" content=\"Dur\u00e9e de lecture estim\u00e9e\" \/>\n\t<meta name=\"twitter:data1\" content=\"11 minutes\" \/>\n<script type=\"application\/ld+json\" class=\"yoast-schema-graph\">{\"@context\":\"https:\/\/schema.org\",\"@graph\":[{\"@type\":\"WebPage\",\"@id\":\"https:\/\/africagreentec.com.dev.kalayourlife.com\/fr\/impactblog\/fuir-le-sahel-pour-leurope-comment-lacces-a-lelectricite-fait-la-difference\/\",\"url\":\"https:\/\/africagreentec.com.dev.kalayourlife.com\/fr\/impactblog\/fuir-le-sahel-pour-leurope-comment-lacces-a-lelectricite-fait-la-difference\/\",\"name\":\"Fuir le Sahel pour l\u2019Europe, comment l\u2019acc\u00e8s \u00e0 l\u2019\u00e9lectricit\u00e9 fait la diff\u00e9rence - Africa GreenTec AG\",\"isPartOf\":{\"@id\":\"https:\/\/africagreentec.com.dev.kalayourlife.com\/fr\/#website\"},\"datePublished\":\"2022-03-22T11:03:12+00:00\",\"dateModified\":\"2023-12-01T12:46:57+00:00\",\"description\":\"Imagine qu\u2019il fait 40 degr\u00e9s, que le soleil br\u00fble ta peau, qu\u2019un moteur diesel g\u00e9mit en arri\u00e8re-plan, juste avant ton propre \u00e9puisement. Malgr\u00e9 la chaleur mordante, tu ne peux t\u2019emp\u00eacher de penser \u00e0 ton avenir. Les questions s\u2019accrochent \u00e0 toi, elles ne te l\u00e2chent plus : quand puis-je m\u2019attendre \u00e0 la prochaine pluie ? Combien de temps serais-je encore en s\u00e9curit\u00e9 ? Et comment puis-je me construire un avenir meilleur ?\",\"breadcrumb\":{\"@id\":\"https:\/\/africagreentec.com.dev.kalayourlife.com\/fr\/impactblog\/fuir-le-sahel-pour-leurope-comment-lacces-a-lelectricite-fait-la-difference\/#breadcrumb\"},\"inLanguage\":\"fr-FR\",\"potentialAction\":[{\"@type\":\"ReadAction\",\"target\":[\"https:\/\/africagreentec.com.dev.kalayourlife.com\/fr\/impactblog\/fuir-le-sahel-pour-leurope-comment-lacces-a-lelectricite-fait-la-difference\/\"]}]},{\"@type\":\"BreadcrumbList\",\"@id\":\"https:\/\/africagreentec.com.dev.kalayourlife.com\/fr\/impactblog\/fuir-le-sahel-pour-leurope-comment-lacces-a-lelectricite-fait-la-difference\/#breadcrumb\",\"itemListElement\":[{\"@type\":\"ListItem\",\"position\":1,\"name\":\"Startseite\",\"item\":\"https:\/\/africagreentec.com.dev.kalayourlife.com\/fr\/\"},{\"@type\":\"ListItem\",\"position\":2,\"name\":\"Impactblog\",\"item\":\"https:\/\/africagreentec.com.dev.kalayourlife.com\/fr\/impactblog\/\"},{\"@type\":\"ListItem\",\"position\":3,\"name\":\"Fuir le Sahel pour l\u2019Europe, comment l\u2019acc\u00e8s \u00e0 l\u2019\u00e9lectricit\u00e9 fait la diff\u00e9rence\"}]},{\"@type\":\"WebSite\",\"@id\":\"https:\/\/africagreentec.com.dev.kalayourlife.com\/fr\/#website\",\"url\":\"https:\/\/africagreentec.com.dev.kalayourlife.com\/fr\/\",\"name\":\"Africa GreenTec AG\",\"description\":\"\",\"publisher\":{\"@id\":\"https:\/\/africagreentec.com.dev.kalayourlife.com\/fr\/#organization\"},\"potentialAction\":[{\"@type\":\"SearchAction\",\"target\":{\"@type\":\"EntryPoint\",\"urlTemplate\":\"https:\/\/africagreentec.com.dev.kalayourlife.com\/fr\/?s={search_term_string}\"},\"query-input\":\"required name=search_term_string\"}],\"inLanguage\":\"fr-FR\"},{\"@type\":\"Organization\",\"@id\":\"https:\/\/africagreentec.com.dev.kalayourlife.com\/fr\/#organization\",\"name\":\"Africa GreenTec AG\",\"url\":\"https:\/\/africagreentec.com.dev.kalayourlife.com\/fr\/\",\"logo\":{\"@type\":\"ImageObject\",\"inLanguage\":\"fr-FR\",\"@id\":\"https:\/\/africagreentec.com.dev.kalayourlife.com\/fr\/#\/schema\/logo\/image\/\",\"url\":\"https:\/\/africagreentec.com.dev.kalayourlife.com\/wp-content\/uploads\/2023\/01\/AGT_Logo_BC-22-07-22.svg\",\"contentUrl\":\"https:\/\/africagreentec.com.dev.kalayourlife.com\/wp-content\/uploads\/2023\/01\/AGT_Logo_BC-22-07-22.svg\",\"width\":580,\"height\":249,\"caption\":\"Africa GreenTec AG\"},\"image\":{\"@id\":\"https:\/\/africagreentec.com.dev.kalayourlife.com\/fr\/#\/schema\/logo\/image\/\"},\"sameAs\":[\"https:\/\/de-de.facebook.com\/AfricaGreenTec\/\",\"https:\/\/twitter.com\/AfricaGreenTec\",\"https:\/\/de.linkedin.com\/company\/africa-greentec\",\"https:\/\/www.instagram.com\/africa_greentec\/\"]}]}<\/script>\n<!-- \/ Yoast SEO plugin. -->","yoast_head_json":{"title":"Fuir le Sahel pour l\u2019Europe, comment l\u2019acc\u00e8s \u00e0 l\u2019\u00e9lectricit\u00e9 fait la diff\u00e9rence - Africa GreenTec AG","description":"Imagine qu\u2019il fait 40 degr\u00e9s, que le soleil br\u00fble ta peau, qu\u2019un moteur diesel g\u00e9mit en arri\u00e8re-plan, juste avant ton propre \u00e9puisement. Malgr\u00e9 la chaleur mordante, tu ne peux t\u2019emp\u00eacher de penser \u00e0 ton avenir. Les questions s\u2019accrochent \u00e0 toi, elles ne te l\u00e2chent plus : quand puis-je m\u2019attendre \u00e0 la prochaine pluie ? Combien de temps serais-je encore en s\u00e9curit\u00e9 ? Et comment puis-je me construire un avenir meilleur ?","robots":{"index":"noindex","follow":"follow","max-snippet":"max-snippet:-1","max-image-preview":"max-image-preview:large","max-video-preview":"max-video-preview:-1"},"og_locale":"fr_FR","og_type":"article","og_title":"Fuir le Sahel pour l\u2019Europe, comment l\u2019acc\u00e8s \u00e0 l\u2019\u00e9lectricit\u00e9 fait la diff\u00e9rence - Africa GreenTec AG","og_description":"Imagine qu\u2019il fait 40 degr\u00e9s, que le soleil br\u00fble ta peau, qu\u2019un moteur diesel g\u00e9mit en arri\u00e8re-plan, juste avant ton propre \u00e9puisement. Malgr\u00e9 la chaleur mordante, tu ne peux t\u2019emp\u00eacher de penser \u00e0 ton avenir. Les questions s\u2019accrochent \u00e0 toi, elles ne te l\u00e2chent plus : quand puis-je m\u2019attendre \u00e0 la prochaine pluie ? Combien de temps serais-je encore en s\u00e9curit\u00e9 ? Et comment puis-je me construire un avenir meilleur ?","og_url":"https:\/\/africagreentec.com.dev.kalayourlife.com\/fr\/impactblog\/fuir-le-sahel-pour-leurope-comment-lacces-a-lelectricite-fait-la-difference\/","og_site_name":"Africa GreenTec AG","article_publisher":"https:\/\/de-de.facebook.com\/AfricaGreenTec\/","article_modified_time":"2023-12-01T12:46:57+00:00","og_image":[{"width":2048,"height":1365,"url":"https:\/\/africagreentec.com.dev.kalayourlife.com\/wp-content\/uploads\/2023\/08\/DB80565D-ADA7-4507-B718-E23347CFF5EA-2048x1365-1.jpeg","type":"image\/jpeg"}],"twitter_card":"summary_large_image","twitter_site":"@AfricaGreenTec","twitter_misc":{"Dur\u00e9e de lecture estim\u00e9e":"11 minutes"},"schema":{"@context":"https:\/\/schema.org","@graph":[{"@type":"WebPage","@id":"https:\/\/africagreentec.com.dev.kalayourlife.com\/fr\/impactblog\/fuir-le-sahel-pour-leurope-comment-lacces-a-lelectricite-fait-la-difference\/","url":"https:\/\/africagreentec.com.dev.kalayourlife.com\/fr\/impactblog\/fuir-le-sahel-pour-leurope-comment-lacces-a-lelectricite-fait-la-difference\/","name":"Fuir le Sahel pour l\u2019Europe, comment l\u2019acc\u00e8s \u00e0 l\u2019\u00e9lectricit\u00e9 fait la diff\u00e9rence - Africa GreenTec AG","isPartOf":{"@id":"https:\/\/africagreentec.com.dev.kalayourlife.com\/fr\/#website"},"datePublished":"2022-03-22T11:03:12+00:00","dateModified":"2023-12-01T12:46:57+00:00","description":"Imagine qu\u2019il fait 40 degr\u00e9s, que le soleil br\u00fble ta peau, qu\u2019un moteur diesel g\u00e9mit en arri\u00e8re-plan, juste avant ton propre \u00e9puisement. Malgr\u00e9 la chaleur mordante, tu ne peux t\u2019emp\u00eacher de penser \u00e0 ton avenir. Les questions s\u2019accrochent \u00e0 toi, elles ne te l\u00e2chent plus : quand puis-je m\u2019attendre \u00e0 la prochaine pluie ? Combien de temps serais-je encore en s\u00e9curit\u00e9 ? Et comment puis-je me construire un avenir meilleur ?","breadcrumb":{"@id":"https:\/\/africagreentec.com.dev.kalayourlife.com\/fr\/impactblog\/fuir-le-sahel-pour-leurope-comment-lacces-a-lelectricite-fait-la-difference\/#breadcrumb"},"inLanguage":"fr-FR","potentialAction":[{"@type":"ReadAction","target":["https:\/\/africagreentec.com.dev.kalayourlife.com\/fr\/impactblog\/fuir-le-sahel-pour-leurope-comment-lacces-a-lelectricite-fait-la-difference\/"]}]},{"@type":"BreadcrumbList","@id":"https:\/\/africagreentec.com.dev.kalayourlife.com\/fr\/impactblog\/fuir-le-sahel-pour-leurope-comment-lacces-a-lelectricite-fait-la-difference\/#breadcrumb","itemListElement":[{"@type":"ListItem","position":1,"name":"Startseite","item":"https:\/\/africagreentec.com.dev.kalayourlife.com\/fr\/"},{"@type":"ListItem","position":2,"name":"Impactblog","item":"https:\/\/africagreentec.com.dev.kalayourlife.com\/fr\/impactblog\/"},{"@type":"ListItem","position":3,"name":"Fuir le Sahel pour l\u2019Europe, comment l\u2019acc\u00e8s \u00e0 l\u2019\u00e9lectricit\u00e9 fait la diff\u00e9rence"}]},{"@type":"WebSite","@id":"https:\/\/africagreentec.com.dev.kalayourlife.com\/fr\/#website","url":"https:\/\/africagreentec.com.dev.kalayourlife.com\/fr\/","name":"Africa GreenTec AG","description":"","publisher":{"@id":"https:\/\/africagreentec.com.dev.kalayourlife.com\/fr\/#organization"},"potentialAction":[{"@type":"SearchAction","target":{"@type":"EntryPoint","urlTemplate":"https:\/\/africagreentec.com.dev.kalayourlife.com\/fr\/?s={search_term_string}"},"query-input":"required name=search_term_string"}],"inLanguage":"fr-FR"},{"@type":"Organization","@id":"https:\/\/africagreentec.com.dev.kalayourlife.com\/fr\/#organization","name":"Africa GreenTec AG","url":"https:\/\/africagreentec.com.dev.kalayourlife.com\/fr\/","logo":{"@type":"ImageObject","inLanguage":"fr-FR","@id":"https:\/\/africagreentec.com.dev.kalayourlife.com\/fr\/#\/schema\/logo\/image\/","url":"https:\/\/africagreentec.com.dev.kalayourlife.com\/wp-content\/uploads\/2023\/01\/AGT_Logo_BC-22-07-22.svg","contentUrl":"https:\/\/africagreentec.com.dev.kalayourlife.com\/wp-content\/uploads\/2023\/01\/AGT_Logo_BC-22-07-22.svg","width":580,"height":249,"caption":"Africa GreenTec AG"},"image":{"@id":"https:\/\/africagreentec.com.dev.kalayourlife.com\/fr\/#\/schema\/logo\/image\/"},"sameAs":["https:\/\/de-de.facebook.com\/AfricaGreenTec\/","https:\/\/twitter.com\/AfricaGreenTec","https:\/\/de.linkedin.com\/company\/africa-greentec","https:\/\/www.instagram.com\/africa_greentec\/"]}]}},"_links":{"self":[{"href":"https:\/\/africagreentec.com.dev.kalayourlife.com\/fr\/wp-json\/wp\/v2\/impactblog\/7331"}],"collection":[{"href":"https:\/\/africagreentec.com.dev.kalayourlife.com\/fr\/wp-json\/wp\/v2\/impactblog"}],"about":[{"href":"https:\/\/africagreentec.com.dev.kalayourlife.com\/fr\/wp-json\/wp\/v2\/types\/impactblog"}],"version-history":[{"count":16,"href":"https:\/\/africagreentec.com.dev.kalayourlife.com\/fr\/wp-json\/wp\/v2\/impactblog\/7331\/revisions"}],"predecessor-version":[{"id":14129,"href":"https:\/\/africagreentec.com.dev.kalayourlife.com\/fr\/wp-json\/wp\/v2\/impactblog\/7331\/revisions\/14129"}],"wp:featuredmedia":[{"embeddable":true,"href":"https:\/\/africagreentec.com.dev.kalayourlife.com\/fr\/wp-json\/wp\/v2\/media\/7313"}],"wp:attachment":[{"href":"https:\/\/africagreentec.com.dev.kalayourlife.com\/fr\/wp-json\/wp\/v2\/media?parent=7331"}],"wp:term":[{"taxonomy":"impactblog_kategorien","embeddable":true,"href":"https:\/\/africagreentec.com.dev.kalayourlife.com\/fr\/wp-json\/wp\/v2\/impactblog_kategorien?post=7331"}],"curies":[{"name":"wp","href":"https:\/\/api.w.org\/{rel}","templated":true}]}}