{"id":9901,"date":"2022-07-09T11:44:30","date_gmt":"2022-07-09T09:44:30","guid":{"rendered":"https:\/\/africagreentec.com.dev.kalayourlife.com\/impactblog\/countrystory-senegal-du-semi-desert-sec-a-la-foret-tropicale\/"},"modified":"2023-12-15T09:29:13","modified_gmt":"2023-12-15T08:29:13","slug":"countrystory-senegal-du-semi-desert-sec-a-la-foret-tropicale","status":"publish","type":"impactblog","link":"https:\/\/africagreentec.com.dev.kalayourlife.com\/fr\/impactblog\/countrystory-senegal-du-semi-desert-sec-a-la-foret-tropicale\/","title":{"rendered":"#CountryStory Senegal \u2013 du semi-d\u00e9sert sec \u00e0 la for\u00eat tropicale"},"content":{"rendered":"\t\t<div data-elementor-type=\"wp-post\" data-elementor-id=\"9901\" class=\"elementor elementor-9901 elementor-4487\" data-elementor-post-type=\"impactblog\">\n\t\t\t\t\t\t\t\t\t<section class=\"elementor-section elementor-top-section elementor-element elementor-element-199700f elementor-section-boxed elementor-section-height-default elementor-section-height-default\" data-id=\"199700f\" data-element_type=\"section\">\n\t\t\t\t\t\t<div class=\"elementor-container elementor-column-gap-default\">\n\t\t\t\t\t<div class=\"elementor-column elementor-col-100 elementor-top-column elementor-element elementor-element-3758570\" data-id=\"3758570\" data-element_type=\"column\">\n\t\t\t<div class=\"elementor-widget-wrap elementor-element-populated\">\n\t\t\t\t\t\t\t\t<div class=\"elementor-element elementor-element-ddc18be elementor-widget elementor-widget-kyl_breadcrumb\" data-id=\"ddc18be\" data-element_type=\"widget\" data-widget_type=\"kyl_breadcrumb.default\">\n\t\t\t\t<div class=\"elementor-widget-container\">\n\t\t\t\n        <div class=\"kyl_breadcrumb\">\n            <div class=\"wrapper\">\n                <a class=\"home\" href=\"\/\">Home<\/a>\n\n\t\t\t\t            <span class=\"delimiter\"><\/span>\n\t\t\t                <span>#CountryStory Senegal<\/span>\n\t\t\t            <\/div>\n        <\/div>\n\t\t\t\t<\/div>\n\t\t\t\t<\/div>\n\t\t\t\t<div class=\"elementor-element elementor-element-0b5c8ea elementor-widget elementor-widget-spacer\" data-id=\"0b5c8ea\" data-element_type=\"widget\" data-widget_type=\"spacer.default\">\n\t\t\t\t<div class=\"elementor-widget-container\">\n\t\t\t<style>\/*! elementor - v3.16.0 - 17-10-2023 *\/\n.elementor-column .elementor-spacer-inner{height:var(--spacer-size)}.e-con{--container-widget-width:100%}.e-con-inner>.elementor-widget-spacer,.e-con>.elementor-widget-spacer{width:var(--container-widget-width,var(--spacer-size));--align-self:var(--container-widget-align-self,initial);--flex-shrink:0}.e-con-inner>.elementor-widget-spacer>.elementor-widget-container,.e-con>.elementor-widget-spacer>.elementor-widget-container{height:100%;width:100%}.e-con-inner>.elementor-widget-spacer>.elementor-widget-container>.elementor-spacer,.e-con>.elementor-widget-spacer>.elementor-widget-container>.elementor-spacer{height:100%}.e-con-inner>.elementor-widget-spacer>.elementor-widget-container>.elementor-spacer>.elementor-spacer-inner,.e-con>.elementor-widget-spacer>.elementor-widget-container>.elementor-spacer>.elementor-spacer-inner{height:var(--container-widget-height,var(--spacer-size))}.e-con-inner>.elementor-widget-spacer.elementor-widget-empty,.e-con>.elementor-widget-spacer.elementor-widget-empty{position:relative;min-height:22px;min-width:22px}.e-con-inner>.elementor-widget-spacer.elementor-widget-empty .elementor-widget-empty-icon,.e-con>.elementor-widget-spacer.elementor-widget-empty .elementor-widget-empty-icon{position:absolute;top:0;bottom:0;left:0;right:0;margin:auto;padding:0;width:22px;height:22px}<\/style>\t\t<div class=\"elementor-spacer\">\n\t\t\t<div class=\"elementor-spacer-inner\"><\/div>\n\t\t<\/div>\n\t\t\t\t<\/div>\n\t\t\t\t<\/div>\n\t\t\t\t\t<\/div>\n\t\t<\/div>\n\t\t\t\t\t\t\t<\/div>\n\t\t<\/section>\n\t\t\t\t<section class=\"elementor-section elementor-top-section elementor-element elementor-element-2147ec3 elementor-section-boxed elementor-section-height-default elementor-section-height-default\" data-id=\"2147ec3\" data-element_type=\"section\">\n\t\t\t\t\t\t<div class=\"elementor-container elementor-column-gap-default\">\n\t\t\t\t\t<div class=\"elementor-column elementor-col-100 elementor-top-column elementor-element elementor-element-c2d3534\" data-id=\"c2d3534\" data-element_type=\"column\">\n\t\t\t<div class=\"elementor-widget-wrap elementor-element-populated\">\n\t\t\t\t\t\t\t\t<div class=\"elementor-element elementor-element-107f0b2 elementor-widget elementor-widget-kyl_headline\" data-id=\"107f0b2\" data-element_type=\"widget\" data-widget_type=\"kyl_headline.default\">\n\t\t\t\t<div class=\"elementor-widget-container\">\n\t\t\t\n        <div class=\"kyl_headline\">\n            <div class=\"container\">\n\n                <h1 class=\"headline\">\n                    #CountryStory Senegal \u2013 du semi-d\u00e9sert sec \u00e0 la for\u00eat tropicale                <\/h1>\n\n            <\/div>\n        <\/div>\n\n\t\t\t\t<\/div>\n\t\t\t\t<\/div>\n\t\t\t\t<div class=\"elementor-element elementor-element-de4697a elementor-widget elementor-widget-spacer\" data-id=\"de4697a\" data-element_type=\"widget\" data-widget_type=\"spacer.default\">\n\t\t\t\t<div class=\"elementor-widget-container\">\n\t\t\t\t\t<div class=\"elementor-spacer\">\n\t\t\t<div class=\"elementor-spacer-inner\"><\/div>\n\t\t<\/div>\n\t\t\t\t<\/div>\n\t\t\t\t<\/div>\n\t\t\t\t<div class=\"elementor-element elementor-element-85d9e8a elementor-widget elementor-widget-kyl_author\" data-id=\"85d9e8a\" data-element_type=\"widget\" data-widget_type=\"kyl_author.default\">\n\t\t\t\t<div class=\"elementor-widget-container\">\n\t\t\t\n        <div class=\"kyl_author\">\n\n            <img decoding=\"async\" class=\"author\"\n                 src=\"https:\/\/africagreentec.com.dev.kalayourlife.com\/wp-content\/uploads\/2023\/03\/Element-1@2x-1-150x150.png\"\n                 srcset=\"https:\/\/africagreentec.com.dev.kalayourlife.com\/wp-content\/uploads\/2023\/03\/Element-1@2x-1-218x300.png 218w, https:\/\/africagreentec.com.dev.kalayourlife.com\/wp-content\/uploads\/2023\/03\/Element-1@2x-1-745x1024.png 745w, https:\/\/africagreentec.com.dev.kalayourlife.com\/wp-content\/uploads\/2023\/03\/Element-1@2x-1-768x1055.png 768w, https:\/\/africagreentec.com.dev.kalayourlife.com\/wp-content\/uploads\/2023\/03\/Element-1@2x-1-1118x1536.png 1118w, https:\/\/africagreentec.com.dev.kalayourlife.com\/wp-content\/uploads\/2023\/03\/Element-1@2x-1.png 1139w\"\n                 alt=\"\">\n            <div class=\"text\">\n                <span class=\"name\">\n                    Marie<br \/>\n09. Juillet 2022                <\/span>\n                <br>\n            <\/div>\n\n        <\/div>\n\n\t\t\t\t<\/div>\n\t\t\t\t<\/div>\n\t\t\t\t<div class=\"elementor-element elementor-element-be1e529 elementor-widget elementor-widget-spacer\" data-id=\"be1e529\" data-element_type=\"widget\" data-widget_type=\"spacer.default\">\n\t\t\t\t<div class=\"elementor-widget-container\">\n\t\t\t\t\t<div class=\"elementor-spacer\">\n\t\t\t<div class=\"elementor-spacer-inner\"><\/div>\n\t\t<\/div>\n\t\t\t\t<\/div>\n\t\t\t\t<\/div>\n\t\t\t\t<div class=\"elementor-element elementor-element-4173474 width-full_width elementor-widget elementor-widget-kyl_images\" data-id=\"4173474\" data-element_type=\"widget\" data-widget_type=\"kyl_images.default\">\n\t\t\t\t<div class=\"elementor-widget-container\">\n\t\t\t\n        <div class=\"kyl_images\" data-count=\"1\">\n\n\t\t\t                <div class=\"image image1 \">\n\t\t\t\t\t<img decoding=\"async\" src=\"https:\/\/africagreentec.com.dev.kalayourlife.com\/wp-content\/uploads\/2022\/07\/AGT01191-1200px.jpg\" title=\"AGT01191-1200px\" alt=\"AGT01191-1200px\" loading=\"lazy\" \/>\n\t\t\t\t\t                <\/div>\n\t\t\t\n\t\t\t\n\n        <\/div>\n\n\t\t\t\t<\/div>\n\t\t\t\t<\/div>\n\t\t\t\t<div class=\"elementor-element elementor-element-8144bb7 elementor-widget elementor-widget-spacer\" data-id=\"8144bb7\" data-element_type=\"widget\" data-widget_type=\"spacer.default\">\n\t\t\t\t<div class=\"elementor-widget-container\">\n\t\t\t\t\t<div class=\"elementor-spacer\">\n\t\t\t<div class=\"elementor-spacer-inner\"><\/div>\n\t\t<\/div>\n\t\t\t\t<\/div>\n\t\t\t\t<\/div>\n\t\t\t\t\t<\/div>\n\t\t<\/div>\n\t\t\t\t\t\t\t<\/div>\n\t\t<\/section>\n\t\t\t\t<section class=\"elementor-section elementor-top-section elementor-element elementor-element-7438362 elementor-section-boxed elementor-section-height-default elementor-section-height-default\" data-id=\"7438362\" data-element_type=\"section\">\n\t\t\t\t\t\t<div class=\"elementor-container elementor-column-gap-default\">\n\t\t\t\t\t<div class=\"elementor-column elementor-col-100 elementor-top-column elementor-element elementor-element-cb28087\" data-id=\"cb28087\" data-element_type=\"column\">\n\t\t\t<div class=\"elementor-widget-wrap elementor-element-populated\">\n\t\t\t\t\t\t\t\t<div class=\"elementor-element elementor-element-1efc1dd elementor-widget elementor-widget-kyl_text\" data-id=\"1efc1dd\" data-element_type=\"widget\" data-widget_type=\"kyl_text.default\">\n\t\t\t\t<div class=\"elementor-widget-container\">\n\t\t\t\n        <div class=\"kyl_text is-left\">\n            <div class=\"container\">\n\t\t\t\t\n\t\t\t                <div class=\"text\">\n\t\t\t\t\t<p>Le Senegal, le pays qui se trouve \u00e0 la pointe la plus occidentale de l'Afrique. Un pays qui est riche en culture-diversit\u00e9, en histoire et en possibilit\u00e9s. Malgr\u00e9 cela, les Senegalais sont confront\u00e9s \u00e0 certains d\u00e9fis climatiques, mais aussi \u00e0 des d\u00e9fis \u00e9conomiques. Nous ne pouvons certes pas influencer le climat, mais nous essayons de donner du pouvoir aux Senegalais par notre travail.<\/p>                <\/div>\n\t\t\t\n\t\t\t        <\/div>\n        <\/div>\n\t\t\t\t<\/div>\n\t\t\t\t<\/div>\n\t\t\t\t<div class=\"elementor-element elementor-element-b7e60fe elementor-widget elementor-widget-spacer\" data-id=\"b7e60fe\" data-element_type=\"widget\" data-widget_type=\"spacer.default\">\n\t\t\t\t<div class=\"elementor-widget-container\">\n\t\t\t\t\t<div class=\"elementor-spacer\">\n\t\t\t<div class=\"elementor-spacer-inner\"><\/div>\n\t\t<\/div>\n\t\t\t\t<\/div>\n\t\t\t\t<\/div>\n\t\t\t\t\t<\/div>\n\t\t<\/div>\n\t\t\t\t\t\t\t<\/div>\n\t\t<\/section>\n\t\t\t\t<section class=\"elementor-section elementor-top-section elementor-element elementor-element-65bf416 elementor-section-full_width elementor-section-height-default elementor-section-height-default\" data-id=\"65bf416\" data-element_type=\"section\">\n\t\t\t\t\t\t<div class=\"elementor-container elementor-column-gap-default\">\n\t\t\t\t\t<div class=\"elementor-column elementor-col-100 elementor-top-column elementor-element elementor-element-bcd24b7\" data-id=\"bcd24b7\" data-element_type=\"column\">\n\t\t\t<div class=\"elementor-widget-wrap elementor-element-populated\">\n\t\t\t\t\t\t\t\t<div class=\"elementor-element elementor-element-3eba081 elementor-widget elementor-widget-kyl_image_teaser_slant_medium\" data-id=\"3eba081\" data-element_type=\"widget\" data-widget_type=\"kyl_image_teaser_slant_medium.default\">\n\t\t\t\t<div class=\"elementor-widget-container\">\n\t\t\t\n        <div class=\"kyl_image_teaser_slant_medium\">\n            <div class=\"container is-left\">\n                <div class=\"wrapper-image\">\n\t\t\t\t\t\t\t\t\t\t\t                        <img decoding=\"async\" src=\"https:\/\/africagreentec.com.dev.kalayourlife.com\/wp-content\/uploads\/2022\/07\/AGT01198-1200px.jpg\" alt=\"AGT01198-1200px\" title=\"AGT01198-1200px\" class=\"image calc-slant calc-slant-right\">\n\t\t\t\t\t                <\/div>\n                <div class=\"wrapper-text\">\n\n\t\t\t\t\t\n\t\t\t\t\t\n\t\t\t\t                    <div class=\"text\">\n\t\t\t\t\t\t<p>Le Senegal est une r\u00e9publique qui se trouve en Afrique de l\u2019Ouest. Son nom est tir\u00e9 du fleuve du m\u00eame nom, qui forme \u00e9galement la fronti\u00e8re au nord du pays avec la Mauritanie. A l\u2019ouest du Senegal se trouvent l\u2019oc\u00e9an Atlantique et la Gambie. Au nord, il est bord\u00e9 par la Mauritanie, \u00e0 l\u2019est par le Mali et au sud par les pays voisins, la Guin\u00e9e et la Guin\u00e9e-Bissau. La Gambie est enclav\u00e9e dans le Senegal.<\/p><p>Avec une superficie d\u2019environ 200.000 km\u00b2, le Senegal est deux fois plus petit que l\u2019Allemagne et compte environ 16,71 millions d\u2019habitants. Le Senegal conna\u00eet une croissance d\u00e9mographique particuli\u00e8rement forte d\u2019environ 2,29 % par an. Dakar, sa capitale se trouve sur une presqu\u2019\u00eele \u00e0 l\u2019ouest de la R\u00e9publique. C\u00b4est la ville la plus peupl\u00e9e du S\u00e9n\u00e9gal avec environ 1.150.000 habitants. Environ 80 % de sa population vivent toutefois dans des r\u00e9gions plut\u00f4t rurales.<\/p>                    <\/div>\n\t\t\t\t\n\t\t\t\t\n            <\/div>\n        <\/div>\n        <\/div>\n\n\t\t\t\t<\/div>\n\t\t\t\t<\/div>\n\t\t\t\t\t<\/div>\n\t\t<\/div>\n\t\t\t\t\t\t\t<\/div>\n\t\t<\/section>\n\t\t\t\t<section class=\"elementor-section elementor-top-section elementor-element elementor-element-016ca32 elementor-section-boxed elementor-section-height-default elementor-section-height-default\" data-id=\"016ca32\" data-element_type=\"section\">\n\t\t\t\t\t\t<div class=\"elementor-container elementor-column-gap-default\">\n\t\t\t\t\t<div class=\"elementor-column elementor-col-100 elementor-top-column elementor-element elementor-element-0538d2d\" data-id=\"0538d2d\" data-element_type=\"column\">\n\t\t\t<div class=\"elementor-widget-wrap elementor-element-populated\">\n\t\t\t\t\t\t\t\t<div class=\"elementor-element elementor-element-d3c0bf2 elementor-widget elementor-widget-spacer\" data-id=\"d3c0bf2\" data-element_type=\"widget\" data-widget_type=\"spacer.default\">\n\t\t\t\t<div class=\"elementor-widget-container\">\n\t\t\t\t\t<div class=\"elementor-spacer\">\n\t\t\t<div class=\"elementor-spacer-inner\"><\/div>\n\t\t<\/div>\n\t\t\t\t<\/div>\n\t\t\t\t<\/div>\n\t\t\t\t<div class=\"elementor-element elementor-element-1288ea4 elementor-widget elementor-widget-kyl_text\" data-id=\"1288ea4\" data-element_type=\"widget\" data-widget_type=\"kyl_text.default\">\n\t\t\t\t<div class=\"elementor-widget-container\">\n\t\t\t\n        <div class=\"kyl_text is-left\">\n            <div class=\"container\">\n\t\t\t\t\n\t\t\t                <div class=\"text\">\n\t\t\t\t\t<p>\u00c9tant donn\u00e9 que les wolofs sont le peuple le plus nombreux au Senegal, le wolof y est par cons\u00e9quent la langue la plus parl\u00e9e, outre le fran\u00e7ais, langue officielle. Ses chanteurs et griots (chanteurs professionnels, po\u00e8tes, qui r\u00e9citent des textes sous forme de contes ou de le\u00e7ons) sont connus bien au-del\u00e0 des fronti\u00e8res africaines. Ils ont pu conserver leur propre culture m\u00eame pendant la colonisation et sont presque exclusivement musulmans. Par ailleurs, le christianisme est tr\u00e8s pr\u00e9sent au Senegal, \u00e0 c\u00f4t\u00e9 de l\u2019islam, qui est toutefois la religion la plus pratiqu\u00e9e dans le pays. (vous trouverez un article sur le th\u00e8me du je\u00fbne commun dans notre <a href=\"https:\/\/africagreentec.com.dev.kalayourlife.com\/fr\/impactblog\/chretiens-et-musulmans-jeunent-ensemble-au-senegal\/\">ImpactBlog<\/a>).<\/p>                <\/div>\n\t\t\t\n\t\t\t        <\/div>\n        <\/div>\n\t\t\t\t<\/div>\n\t\t\t\t<\/div>\n\t\t\t\t<div class=\"elementor-element elementor-element-859ce1b elementor-widget elementor-widget-spacer\" data-id=\"859ce1b\" data-element_type=\"widget\" data-widget_type=\"spacer.default\">\n\t\t\t\t<div class=\"elementor-widget-container\">\n\t\t\t\t\t<div class=\"elementor-spacer\">\n\t\t\t<div class=\"elementor-spacer-inner\"><\/div>\n\t\t<\/div>\n\t\t\t\t<\/div>\n\t\t\t\t<\/div>\n\t\t\t\t\t<\/div>\n\t\t<\/div>\n\t\t\t\t\t\t\t<\/div>\n\t\t<\/section>\n\t\t\t\t<section class=\"elementor-section elementor-top-section elementor-element elementor-element-05688cb elementor-section-full_width elementor-section-height-default elementor-section-height-default\" data-id=\"05688cb\" data-element_type=\"section\">\n\t\t\t\t\t\t<div class=\"elementor-container elementor-column-gap-default\">\n\t\t\t\t\t<div class=\"elementor-column elementor-col-100 elementor-top-column elementor-element elementor-element-b1a6457\" data-id=\"b1a6457\" data-element_type=\"column\">\n\t\t\t<div class=\"elementor-widget-wrap elementor-element-populated\">\n\t\t\t\t\t\t\t\t<div class=\"elementor-element elementor-element-ac21dea elementor-widget elementor-widget-kyl_image_teaser_slant_medium\" data-id=\"ac21dea\" data-element_type=\"widget\" data-widget_type=\"kyl_image_teaser_slant_medium.default\">\n\t\t\t\t<div class=\"elementor-widget-container\">\n\t\t\t\n        <div class=\"kyl_image_teaser_slant_medium\">\n            <div class=\"container is-right\">\n                <div class=\"wrapper-image\">\n\t\t\t\t\t\t\t\t\t\t\t                        <img decoding=\"async\" src=\"https:\/\/africagreentec.com.dev.kalayourlife.com\/wp-content\/uploads\/2022\/07\/IMG_2214-1200px.jpg\" alt=\"IMG_2214-1200px\" title=\"IMG_2214-1200px\" class=\"image calc-slant calc-slant-left\">\n\t\t\t\t\t                <\/div>\n                <div class=\"wrapper-text\">\n\n\t\t\t\t\t\n\t\t\t\t\t\n\t\t\t\t                    <div class=\"text\">\n\t\t\t\t\t\t<p>Le Senegal a \u00e9t\u00e9 conquis par l\u2019islam \u00e0 partir du 9e si\u00e8cle. C\u2019est ainsi qu\u2019est n\u00e9 au Senegal le Tekrur, un grand empire fond\u00e9 par les Serbes sur le fleuve Senegal. Celui-ci s\u2019est d\u00e9velopp\u00e9 pour devenir un grand et important carrefour commercial. La domination du Tekrur a \u00e9t\u00e9 transf\u00e9r\u00e9e \u00e0 l\u2019empire du Mali au 14e si\u00e8cle. C\u2019est \u00e0 cette \u00e9poque que les premiers navigateurs portugais sont partis \u00e0 la conqu\u00eate des c\u00f4tes de l\u2019Afrique de l\u2019Ouest. Ils ont \u00e9t\u00e9 les pr\u00e9curseurs de la conqu\u00eate coloniale qui a d\u00e9but\u00e9 au Senegal. Cependant, les Portugais \u00e9taient avant tout int\u00e9ress\u00e9s par le commerce de l\u2019or, qui ne d\u00e9pendait pas des Arabes. A partir du 17e si\u00e8cle, le r\u00e9seau commercial portugais a \u00e9t\u00e9 remplac\u00e9 par des colonies fran\u00e7aises, n\u00e9erlandaises et britanniques. Les Fran\u00e7ais avaient \u00e9tabli des bases \u00e0 Saint-Louis et sur l\u2019\u00eele de Gor\u00e9e o\u00f9 ils avaient construit des prisons et une \u00e9cole pour les esclaves. Les Africains d\u00e9tenus \u00e9taient rassembl\u00e9s dans ces bases et transport\u00e9s vers l\u2019Am\u00e9rique sur de grandes gal\u00e8res.<\/p>                    <\/div>\n\t\t\t\t\n\t\t\t\t\n            <\/div>\n        <\/div>\n        <\/div>\n\n\t\t\t\t<\/div>\n\t\t\t\t<\/div>\n\t\t\t\t\t<\/div>\n\t\t<\/div>\n\t\t\t\t\t\t\t<\/div>\n\t\t<\/section>\n\t\t\t\t<section class=\"elementor-section elementor-top-section elementor-element elementor-element-f045e14 elementor-section-boxed elementor-section-height-default elementor-section-height-default\" data-id=\"f045e14\" data-element_type=\"section\">\n\t\t\t\t\t\t<div class=\"elementor-container elementor-column-gap-default\">\n\t\t\t\t\t<div class=\"elementor-column elementor-col-100 elementor-top-column elementor-element elementor-element-2c5e5b8\" data-id=\"2c5e5b8\" data-element_type=\"column\">\n\t\t\t<div class=\"elementor-widget-wrap elementor-element-populated\">\n\t\t\t\t\t\t\t\t<div class=\"elementor-element elementor-element-3e39558 elementor-widget elementor-widget-spacer\" data-id=\"3e39558\" data-element_type=\"widget\" data-widget_type=\"spacer.default\">\n\t\t\t\t<div class=\"elementor-widget-container\">\n\t\t\t\t\t<div class=\"elementor-spacer\">\n\t\t\t<div class=\"elementor-spacer-inner\"><\/div>\n\t\t<\/div>\n\t\t\t\t<\/div>\n\t\t\t\t<\/div>\n\t\t\t\t<div class=\"elementor-element elementor-element-17a3e61 elementor-widget elementor-widget-kyl_text\" data-id=\"17a3e61\" data-element_type=\"widget\" data-widget_type=\"kyl_text.default\">\n\t\t\t\t<div class=\"elementor-widget-container\">\n\t\t\t\n        <div class=\"kyl_text is-left\">\n            <div class=\"container\">\n\t\t\t\t\n\t\t\t                <div class=\"text\">\n\t\t\t\t\t<p>Les diff\u00e9rents royaumes des Wolofs ont \u00e9t\u00e9 d\u00e9truits lors de la conqu\u00eate. Les Serer du centre et de l\u2019ouest du Senegal, s\u2019est farouchement oppos\u00e9 \u00e0 cette prise de contr\u00f4le. Les Serer sont un peuple d\u2019agriculteurs et sont connus pour leur ma\u00eetrise de la forge.<br \/>Le 20 ao\u00fbt 1960, le Senegal a \u00e9t\u00e9 d\u00e9clar\u00e9 ind\u00e9pendant, un an apr\u00e8s sa cr\u00e9ation en tant que r\u00e9publique. Le premier pr\u00e9sident fut L\u00e9opold S\u00e9dar Senghor, qui avait d\u00e9j\u00e0 lutt\u00e9 pour la libert\u00e9 du pays sous l\u2019administration coloniale fran\u00e7aise. Il a pr\u00e9sent\u00e9 une nouvelle constitution au pays en 1963 et, suite \u00e0 de fortes revendications, a men\u00e9 de nombreuses r\u00e9formes d\u00e9mocratiques au cours des ann\u00e9es suivantes.<\/p><p>Depuis les derni\u00e8res \u00e9lections de 2012, le gouvernement a \u00e9t\u00e9 repris par les musicien*nes de rap \u00ab Y\u2019en a marre \u00bb. Le musicien de renomm\u00e9e internationale Youssou N\u2019Dour est du coup aujourd\u2019hui ministre de l\u2019Education au Senegal.<\/p><p>Le Senegal ne dispose que de peu de ressources souterraines. C\u2019est pourquoi il n\u2019y a pratiquement pas d\u2019industrie, \u00e0 l\u2019exception d\u2019entreprises de transformation de textiles et de produits alimentaires. La majorit\u00e9 de sa population travaille dans l\u2019agriculture. Par cons\u00e9quent, le secteur agricole constitue un moyen de subsistance naturel pour la population en croissance rapide et emploie plus de deux tiers des Senegalais. Les petites exploitations agricoles produisent du mil, du riz, du manioc, des pommes de terre, des l\u00e9gumes et du coton pour leur propre consommation. Cependant, les p\u00e9riodes de s\u00e9cheresse, le surp\u00e2turage et l\u2019\u00e9rosion des sols posent des d\u00e9fis particuliers aux Senegalais et r\u00e9duisent les rendements, de sorte que la population du pays ne peut pas se nourrir de mani\u00e8re suffisante. Certaines denr\u00e9es alimentaires doivent donc \u00eatre export\u00e9es. Le poisson, les produits de la p\u00eache et les arachides, par exemple, proviennent principalement du Nigeria.<\/p>                <\/div>\n\t\t\t\n\t\t\t        <\/div>\n        <\/div>\n\t\t\t\t<\/div>\n\t\t\t\t<\/div>\n\t\t\t\t<div class=\"elementor-element elementor-element-720ac50 elementor-widget elementor-widget-spacer\" data-id=\"720ac50\" data-element_type=\"widget\" data-widget_type=\"spacer.default\">\n\t\t\t\t<div class=\"elementor-widget-container\">\n\t\t\t\t\t<div class=\"elementor-spacer\">\n\t\t\t<div class=\"elementor-spacer-inner\"><\/div>\n\t\t<\/div>\n\t\t\t\t<\/div>\n\t\t\t\t<\/div>\n\t\t\t\t\t<\/div>\n\t\t<\/div>\n\t\t\t\t\t\t\t<\/div>\n\t\t<\/section>\n\t\t\t\t<section class=\"elementor-section elementor-top-section elementor-element elementor-element-ea46f85 elementor-section-full_width elementor-section-height-default elementor-section-height-default\" data-id=\"ea46f85\" data-element_type=\"section\">\n\t\t\t\t\t\t<div class=\"elementor-container elementor-column-gap-default\">\n\t\t\t\t\t<div class=\"elementor-column elementor-col-100 elementor-top-column elementor-element elementor-element-e547960\" data-id=\"e547960\" data-element_type=\"column\">\n\t\t\t<div class=\"elementor-widget-wrap elementor-element-populated\">\n\t\t\t\t\t\t\t\t<div class=\"elementor-element elementor-element-96bb405 elementor-widget elementor-widget-kyl_image_teaser_slant_medium\" data-id=\"96bb405\" data-element_type=\"widget\" data-widget_type=\"kyl_image_teaser_slant_medium.default\">\n\t\t\t\t<div class=\"elementor-widget-container\">\n\t\t\t\n        <div class=\"kyl_image_teaser_slant_medium\">\n            <div class=\"container is-left\">\n                <div class=\"wrapper-image\">\n\t\t\t\t\t\t\t\t\t\t\t                        <img decoding=\"async\" src=\"https:\/\/africagreentec.com.dev.kalayourlife.com\/wp-content\/uploads\/2022\/07\/AGT00407-1200px.jpg\" alt=\"AGT00407-1200px\" title=\"AGT00407-1200px\" class=\"image calc-slant calc-slant-right\">\n\t\t\t\t\t                <\/div>\n                <div class=\"wrapper-text\">\n\n\t\t\t\t\t\n\t\t\t\t\t\n\t\t\t\t                    <div class=\"text\">\n\t\t\t\t\t\t<p>Africa GreenTec ne peut \u00e9videmment pas r\u00e9soudre ces probl\u00e8mes du jour au lendemain, mais nous pouvons apporter une petite contribution \u00e0 l\u2019am\u00e9lioration des conditions de vie, notamment gr\u00e2ce \u00e0 des produits tels que PumpUP, un syst\u00e8me de pompage \u00e0 \u00e9nergie solaire pour l\u2019irrigation des champs. Ce dispositif permettrait de faire face aux p\u00e9riodes de s\u00e9cheresse au Senegal. De m\u00eame, notre Cooltainer peut aider les gens dans la mesure o\u00f9 les r\u00e9coltes peuvent \u00eatre conserv\u00e9es plus longtemps gr\u00e2ce \u00e0 la r\u00e9frig\u00e9ration.<\/p><p>Les d\u00e9fis \u00e9conomiques se refl\u00e8tent \u00e9galement dans les possibilit\u00e9s d\u2019\u00e9ducation du pays. De nombreux jeunes Senegalais doivent contribuer tr\u00e8s t\u00f4t \u00e0 la subsistance de leur famille. Par cons\u00e9quent, peu d\u2019entre eux profitent des opportunit\u00e9s \u00e9ducatives offertes par les universit\u00e9s. Ceux, peu nombreux, qui obtiennent leur dipl\u00f4me restent g\u00e9n\u00e9ralement dans les grandes villes, partent dans d\u2019autres pays africains ou en France. L\u2019exode rural, d\u00e9j\u00e0 tr\u00e8s r\u00e9pandu, s\u2019en trouve encore accentu\u00e9.<\/p>                    <\/div>\n\t\t\t\t\n\t\t\t\t\n            <\/div>\n        <\/div>\n        <\/div>\n\n\t\t\t\t<\/div>\n\t\t\t\t<\/div>\n\t\t\t\t\t<\/div>\n\t\t<\/div>\n\t\t\t\t\t\t\t<\/div>\n\t\t<\/section>\n\t\t\t\t<section class=\"elementor-section elementor-top-section elementor-element elementor-element-37f68e4 elementor-section-boxed elementor-section-height-default elementor-section-height-default\" data-id=\"37f68e4\" data-element_type=\"section\">\n\t\t\t\t\t\t<div class=\"elementor-container elementor-column-gap-default\">\n\t\t\t\t\t<div class=\"elementor-column elementor-col-100 elementor-top-column elementor-element elementor-element-5a3d0f2\" data-id=\"5a3d0f2\" data-element_type=\"column\">\n\t\t\t<div class=\"elementor-widget-wrap elementor-element-populated\">\n\t\t\t\t\t\t\t\t<div class=\"elementor-element elementor-element-fe01799 elementor-widget elementor-widget-spacer\" data-id=\"fe01799\" data-element_type=\"widget\" data-widget_type=\"spacer.default\">\n\t\t\t\t<div class=\"elementor-widget-container\">\n\t\t\t\t\t<div class=\"elementor-spacer\">\n\t\t\t<div class=\"elementor-spacer-inner\"><\/div>\n\t\t<\/div>\n\t\t\t\t<\/div>\n\t\t\t\t<\/div>\n\t\t\t\t<div class=\"elementor-element elementor-element-27e8acc elementor-widget elementor-widget-kyl_text\" data-id=\"27e8acc\" data-element_type=\"widget\" data-widget_type=\"kyl_text.default\">\n\t\t\t\t<div class=\"elementor-widget-container\">\n\t\t\t\n        <div class=\"kyl_text is-left\">\n            <div class=\"container\">\n\t\t\t\t\n\t\t\t                <div class=\"text\">\n\t\t\t\t\t<p>Le faible nombre de professionnels bien form\u00e9s n\u2019a pas seulement un impact sur les individus, mais aussi sur l\u2019infrastructure du pays. En effet, il n\u2019y a pas assez d\u2019emplois pour les travailleurs qualifi\u00e9s. Africa GreenTec essaie de renforcer le pouvoir d\u2019action des gens et de jouer un r\u00f4le de support en contribuant dans la construction des infrastructures. Ainsi, nous transf\u00e9rons notre site de production \u00e0 Dakar afin de cr\u00e9er davantage d\u2019emplois sur place. Notre premier Cooltainer \u2018made in Africa\u2019 a d\u00e9j\u00e0 \u00e9t\u00e9 mis en service dans le village s\u00e9n\u00e9galais de N\u2019diob (si vous souhaitez en savoir plus sur N\u2019diob, veuillez lire les autres articles de notre ImpactBlog).<\/p><p>Dans l\u2019ensemble, le S\u00e9n\u00e9gal dispose d\u2019un grand potentiel. Gr\u00e2ce \u00e0 une population en croissance constante, dont une grande partie a moins de 20 ans. Le fait que de nombreuses personnes n\u2019aient pas cette possibilit\u00e9 de d\u00e9velopper leur propre potentiel et celui de leur communaut\u00e9 reste un probl\u00e8me. En raison du manque d\u2019infrastructures pour l\u2019\u00e9lectricit\u00e9 et le refroidissement et du manque d\u2019opportunit\u00e9s \u00e9conomiques, il est pratiquement impossible pour les gens de trouver du travail au sein de leur propre village et de ne pas se d\u00e9placer vers les grandes villes pour y obtenir un emploi. Chez Africa GreenTec, nous voulons soutenir les cultures individuelles des S\u00e9n\u00e9galais. Soutenir les gens dans leurs activit\u00e9s, qu\u2019ils soient agriculteurs, techniciens ou \u00e9l\u00e8ves, et les aider \u00e0 devenir plus autonomes.<\/p>                <\/div>\n\t\t\t\n\t\t\t        <\/div>\n        <\/div>\n\t\t\t\t<\/div>\n\t\t\t\t<\/div>\n\t\t\t\t<div class=\"elementor-element elementor-element-3bec3f4 elementor-widget elementor-widget-spacer\" data-id=\"3bec3f4\" data-element_type=\"widget\" data-widget_type=\"spacer.default\">\n\t\t\t\t<div class=\"elementor-widget-container\">\n\t\t\t\t\t<div class=\"elementor-spacer\">\n\t\t\t<div class=\"elementor-spacer-inner\"><\/div>\n\t\t<\/div>\n\t\t\t\t<\/div>\n\t\t\t\t<\/div>\n\t\t\t\t<div class=\"elementor-element elementor-element-83b2e77 width-full_width elementor-widget elementor-widget-kyl_images\" data-id=\"83b2e77\" data-element_type=\"widget\" data-widget_type=\"kyl_images.default\">\n\t\t\t\t<div class=\"elementor-widget-container\">\n\t\t\t\n        <div class=\"kyl_images\" data-count=\"1\">\n\n\t\t\t                <div class=\"image image1 \">\n\t\t\t\t\t<img decoding=\"async\" src=\"https:\/\/africagreentec.com.dev.kalayourlife.com\/wp-content\/uploads\/2022\/07\/AGT01749-1200px-2.jpg\" title=\"AGT01749-1200px-2\" alt=\"AGT01749-1200px-2\" loading=\"lazy\" \/>\n\t\t\t\t\t<div class=\"text\">L'\u00e9quipe d'Africa GreenTec sur place<\/div>                <\/div>\n\t\t\t\n\t\t\t\n\n        <\/div>\n\n\t\t\t\t<\/div>\n\t\t\t\t<\/div>\n\t\t\t\t<div class=\"elementor-element elementor-element-65a07b9 elementor-widget elementor-widget-spacer\" data-id=\"65a07b9\" data-element_type=\"widget\" data-widget_type=\"spacer.default\">\n\t\t\t\t<div class=\"elementor-widget-container\">\n\t\t\t\t\t<div class=\"elementor-spacer\">\n\t\t\t<div class=\"elementor-spacer-inner\"><\/div>\n\t\t<\/div>\n\t\t\t\t<\/div>\n\t\t\t\t<\/div>\n\t\t\t\t\t<\/div>\n\t\t<\/div>\n\t\t\t\t\t\t\t<\/div>\n\t\t<\/section>\n\t\t\t\t<section class=\"elementor-section elementor-top-section elementor-element elementor-element-03d98ca elementor-section-boxed elementor-section-height-default elementor-section-height-default\" data-id=\"03d98ca\" data-element_type=\"section\">\n\t\t\t\t\t\t<div class=\"elementor-container elementor-column-gap-default\">\n\t\t\t\t\t<div class=\"elementor-column elementor-col-100 elementor-top-column elementor-element elementor-element-4853dd2\" data-id=\"4853dd2\" data-element_type=\"column\">\n\t\t\t<div class=\"elementor-widget-wrap elementor-element-populated\">\n\t\t\t\t\t\t\t\t<div class=\"elementor-element elementor-element-4e83018 elementor-widget elementor-widget-kyl_teaser_contentpage\" data-id=\"4e83018\" data-element_type=\"widget\" data-widget_type=\"kyl_teaser_contentpage.default\">\n\t\t\t\t<div class=\"elementor-widget-container\">\n\t\t\t\n        <div class=\"kyl_teaser_contentpage color-light-sage\">\n\n                            <h3 class=\"headline\">\n                    COUNTRY&shy;STORIES                <\/h3>\n            \n            <div class=\"swiper\">\n                <div class=\"swiper-wrapper\">\n                                            <div class=\"swiper-slide\">\n                                                        <a href=\"https:\/\/africagreentec.com.dev.kalayourlife.com\/fr\/impactblog\/countrystory-madagascar-unique-par-sa-nature-et-sa-culture\/\">\n                                                            <img loading=\"lazy\" width=\"300\" height=\"193\" src=\"https:\/\/africagreentec.com.dev.kalayourlife.com\/wp-content\/uploads\/2021\/07\/image5-300x193.png\" class=\"image\" alt=\"image5\" decoding=\"async\" title=\"image5\" srcset=\"https:\/\/africagreentec.com.dev.kalayourlife.com\/wp-content\/uploads\/2021\/07\/image5-300x193.png 300w, https:\/\/africagreentec.com.dev.kalayourlife.com\/wp-content\/uploads\/2021\/07\/image5-1024x660.png 1024w, https:\/\/africagreentec.com.dev.kalayourlife.com\/wp-content\/uploads\/2021\/07\/image5-768x495.png 768w, https:\/\/africagreentec.com.dev.kalayourlife.com\/wp-content\/uploads\/2021\/07\/image5-1536x990.png 1536w, https:\/\/africagreentec.com.dev.kalayourlife.com\/wp-content\/uploads\/2021\/07\/image5.png 1999w\" sizes=\"(max-width: 300px) 100vw, 300px\" \/>                                <div class=\"title\">\n                                    #CountryStory Madagascar : Unique par sa nature et sa culture                                <\/div>\n                                                                <span class=\"icon\"><\/span>\n                            <\/a>\n                                                <\/div>\n                                            <div class=\"swiper-slide\">\n                                                        <a href=\"https:\/\/africagreentec.com.dev.kalayourlife.com\/fr\/impactblog\/countrystory-niger-als-neuer-markt-mit-grossen-chancen\/\">\n                                                            <img loading=\"lazy\" width=\"300\" height=\"225\" src=\"https:\/\/africagreentec.com.dev.kalayourlife.com\/wp-content\/uploads\/2023\/03\/image5-300x225.jpg\" class=\"image\" alt=\"image5\" decoding=\"async\" title=\"image5\" srcset=\"https:\/\/africagreentec.com.dev.kalayourlife.com\/wp-content\/uploads\/2023\/03\/image5-300x225.jpg 300w, https:\/\/africagreentec.com.dev.kalayourlife.com\/wp-content\/uploads\/2023\/03\/image5-1024x768.jpg 1024w, https:\/\/africagreentec.com.dev.kalayourlife.com\/wp-content\/uploads\/2023\/03\/image5-768x576.jpg 768w, https:\/\/africagreentec.com.dev.kalayourlife.com\/wp-content\/uploads\/2023\/03\/image5-1536x1153.jpg 1536w, https:\/\/africagreentec.com.dev.kalayourlife.com\/wp-content\/uploads\/2023\/03\/image5.jpg 1999w\" sizes=\"(max-width: 300px) 100vw, 300px\" \/>                                <div class=\"title\">\n                                    #CountryStory Niger \u2013 Un nouveau march\u00e9 aux grandes opportunit\u00e9s                                <\/div>\n                                                                <span class=\"icon\"><\/span>\n                            <\/a>\n                                                <\/div>\n                                            <div class=\"swiper-slide\">\n                                                        <a href=\"https:\/\/africagreentec.com.dev.kalayourlife.com\/fr\/impactblog\/countrystory-mali\/\">\n                                                            <img loading=\"lazy\" width=\"300\" height=\"200\" src=\"https:\/\/africagreentec.com.dev.kalayourlife.com\/wp-content\/uploads\/2023\/11\/DJI_0361-1-300x200.jpg\" class=\"image\" alt=\"default\" decoding=\"async\" title=\"default\" srcset=\"https:\/\/africagreentec.com.dev.kalayourlife.com\/wp-content\/uploads\/2023\/11\/DJI_0361-1-300x200.jpg 300w, https:\/\/africagreentec.com.dev.kalayourlife.com\/wp-content\/uploads\/2023\/11\/DJI_0361-1-1024x683.jpg 1024w, https:\/\/africagreentec.com.dev.kalayourlife.com\/wp-content\/uploads\/2023\/11\/DJI_0361-1-768x512.jpg 768w, https:\/\/africagreentec.com.dev.kalayourlife.com\/wp-content\/uploads\/2023\/11\/DJI_0361-1-1536x1024.jpg 1536w, https:\/\/africagreentec.com.dev.kalayourlife.com\/wp-content\/uploads\/2023\/11\/DJI_0361-1-2048x1365.jpg 2048w\" sizes=\"(max-width: 300px) 100vw, 300px\" \/>                                <div class=\"title\">\n                                    #CountryStory Mali                                <\/div>\n                                                                <span class=\"icon\"><\/span>\n                            <\/a>\n                                                <\/div>\n                                    <\/div>\n            <\/div>\n        <\/div>\n\n        \t\t<\/div>\n\t\t\t\t<\/div>\n\t\t\t\t\t<\/div>\n\t\t<\/div>\n\t\t\t\t\t\t\t<\/div>\n\t\t<\/section>\n\t\t\t\t\t\t\t<\/div>\n\t\t","protected":false},"featured_media":8277,"template":"","impactblog_kategorien":[67],"acf":[],"yoast_head":"<!-- This site is optimized with the Yoast SEO plugin v21.4 - https:\/\/yoast.com\/wordpress\/plugins\/seo\/ -->\n<title>#CountryStory Senegal \u2013 du semi-d\u00e9sert sec \u00e0 la for\u00eat tropicale - Africa GreenTec AG<\/title>\n<meta name=\"robots\" content=\"noindex, follow, max-snippet:-1, max-image-preview:large, max-video-preview:-1\" \/>\n<meta property=\"og:locale\" content=\"fr_FR\" \/>\n<meta property=\"og:type\" content=\"article\" \/>\n<meta property=\"og:title\" content=\"#CountryStory Senegal \u2013 du semi-d\u00e9sert sec \u00e0 la for\u00eat tropicale - Africa GreenTec AG\" \/>\n<meta property=\"og:description\" content=\"Home #CountryStory Senegal #CountryStory Senegal \u2013 du semi-d\u00e9sert sec \u00e0 la for\u00eat tropicale Marie 09. Juillet 2022 Le Senegal, le pays qui se trouve \u00e0 la pointe la plus occidentale de l&rsquo;Afrique. Un pays qui est riche en culture-diversit\u00e9, en histoire et en possibilit\u00e9s. Malgr\u00e9 cela, les Senegalais sont confront\u00e9s \u00e0 certains d\u00e9fis climatiques, mais [&hellip;]\" \/>\n<meta property=\"og:url\" content=\"https:\/\/africagreentec.com.dev.kalayourlife.com\/fr\/impactblog\/countrystory-senegal-du-semi-desert-sec-a-la-foret-tropicale\/\" \/>\n<meta property=\"og:site_name\" content=\"Africa GreenTec AG\" \/>\n<meta property=\"article:publisher\" content=\"https:\/\/de-de.facebook.com\/AfricaGreenTec\/\" \/>\n<meta property=\"article:modified_time\" content=\"2023-12-15T08:29:13+00:00\" \/>\n<meta property=\"og:image\" content=\"https:\/\/africagreentec.com.dev.kalayourlife.com\/wp-content\/uploads\/2023\/09\/Senegal.png\" \/>\n\t<meta property=\"og:image:width\" content=\"2088\" \/>\n\t<meta property=\"og:image:height\" content=\"1200\" \/>\n\t<meta property=\"og:image:type\" content=\"image\/png\" \/>\n<meta name=\"twitter:card\" content=\"summary_large_image\" \/>\n<meta name=\"twitter:site\" content=\"@AfricaGreenTec\" \/>\n<meta name=\"twitter:label1\" content=\"Dur\u00e9e de lecture estim\u00e9e\" \/>\n\t<meta name=\"twitter:data1\" content=\"8 minutes\" \/>\n<script type=\"application\/ld+json\" class=\"yoast-schema-graph\">{\"@context\":\"https:\/\/schema.org\",\"@graph\":[{\"@type\":\"WebPage\",\"@id\":\"https:\/\/africagreentec.com.dev.kalayourlife.com\/fr\/impactblog\/countrystory-senegal-du-semi-desert-sec-a-la-foret-tropicale\/\",\"url\":\"https:\/\/africagreentec.com.dev.kalayourlife.com\/fr\/impactblog\/countrystory-senegal-du-semi-desert-sec-a-la-foret-tropicale\/\",\"name\":\"#CountryStory Senegal \u2013 du semi-d\u00e9sert sec \u00e0 la for\u00eat tropicale - Africa GreenTec AG\",\"isPartOf\":{\"@id\":\"https:\/\/africagreentec.com.dev.kalayourlife.com\/fr\/#website\"},\"datePublished\":\"2022-07-09T09:44:30+00:00\",\"dateModified\":\"2023-12-15T08:29:13+00:00\",\"breadcrumb\":{\"@id\":\"https:\/\/africagreentec.com.dev.kalayourlife.com\/fr\/impactblog\/countrystory-senegal-du-semi-desert-sec-a-la-foret-tropicale\/#breadcrumb\"},\"inLanguage\":\"fr-FR\",\"potentialAction\":[{\"@type\":\"ReadAction\",\"target\":[\"https:\/\/africagreentec.com.dev.kalayourlife.com\/fr\/impactblog\/countrystory-senegal-du-semi-desert-sec-a-la-foret-tropicale\/\"]}]},{\"@type\":\"BreadcrumbList\",\"@id\":\"https:\/\/africagreentec.com.dev.kalayourlife.com\/fr\/impactblog\/countrystory-senegal-du-semi-desert-sec-a-la-foret-tropicale\/#breadcrumb\",\"itemListElement\":[{\"@type\":\"ListItem\",\"position\":1,\"name\":\"Startseite\",\"item\":\"https:\/\/africagreentec.com.dev.kalayourlife.com\/fr\/\"},{\"@type\":\"ListItem\",\"position\":2,\"name\":\"Impactblog\",\"item\":\"https:\/\/africagreentec.com.dev.kalayourlife.com\/fr\/impactblog\/\"},{\"@type\":\"ListItem\",\"position\":3,\"name\":\"#CountryStory Senegal \u2013 du semi-d\u00e9sert sec \u00e0 la for\u00eat tropicale\"}]},{\"@type\":\"WebSite\",\"@id\":\"https:\/\/africagreentec.com.dev.kalayourlife.com\/fr\/#website\",\"url\":\"https:\/\/africagreentec.com.dev.kalayourlife.com\/fr\/\",\"name\":\"Africa GreenTec AG\",\"description\":\"\",\"publisher\":{\"@id\":\"https:\/\/africagreentec.com.dev.kalayourlife.com\/fr\/#organization\"},\"potentialAction\":[{\"@type\":\"SearchAction\",\"target\":{\"@type\":\"EntryPoint\",\"urlTemplate\":\"https:\/\/africagreentec.com.dev.kalayourlife.com\/fr\/?s={search_term_string}\"},\"query-input\":\"required name=search_term_string\"}],\"inLanguage\":\"fr-FR\"},{\"@type\":\"Organization\",\"@id\":\"https:\/\/africagreentec.com.dev.kalayourlife.com\/fr\/#organization\",\"name\":\"Africa GreenTec AG\",\"url\":\"https:\/\/africagreentec.com.dev.kalayourlife.com\/fr\/\",\"logo\":{\"@type\":\"ImageObject\",\"inLanguage\":\"fr-FR\",\"@id\":\"https:\/\/africagreentec.com.dev.kalayourlife.com\/fr\/#\/schema\/logo\/image\/\",\"url\":\"https:\/\/africagreentec.com.dev.kalayourlife.com\/wp-content\/uploads\/2023\/01\/AGT_Logo_BC-22-07-22.svg\",\"contentUrl\":\"https:\/\/africagreentec.com.dev.kalayourlife.com\/wp-content\/uploads\/2023\/01\/AGT_Logo_BC-22-07-22.svg\",\"width\":580,\"height\":249,\"caption\":\"Africa GreenTec AG\"},\"image\":{\"@id\":\"https:\/\/africagreentec.com.dev.kalayourlife.com\/fr\/#\/schema\/logo\/image\/\"},\"sameAs\":[\"https:\/\/de-de.facebook.com\/AfricaGreenTec\/\",\"https:\/\/twitter.com\/AfricaGreenTec\",\"https:\/\/de.linkedin.com\/company\/africa-greentec\",\"https:\/\/www.instagram.com\/africa_greentec\/\"]}]}<\/script>\n<!-- \/ Yoast SEO plugin. -->","yoast_head_json":{"title":"#CountryStory Senegal \u2013 du semi-d\u00e9sert sec \u00e0 la for\u00eat tropicale - Africa GreenTec AG","robots":{"index":"noindex","follow":"follow","max-snippet":"max-snippet:-1","max-image-preview":"max-image-preview:large","max-video-preview":"max-video-preview:-1"},"og_locale":"fr_FR","og_type":"article","og_title":"#CountryStory Senegal \u2013 du semi-d\u00e9sert sec \u00e0 la for\u00eat tropicale - Africa GreenTec AG","og_description":"Home #CountryStory Senegal #CountryStory Senegal \u2013 du semi-d\u00e9sert sec \u00e0 la for\u00eat tropicale Marie 09. Juillet 2022 Le Senegal, le pays qui se trouve \u00e0 la pointe la plus occidentale de l&rsquo;Afrique. Un pays qui est riche en culture-diversit\u00e9, en histoire et en possibilit\u00e9s. Malgr\u00e9 cela, les Senegalais sont confront\u00e9s \u00e0 certains d\u00e9fis climatiques, mais [&hellip;]","og_url":"https:\/\/africagreentec.com.dev.kalayourlife.com\/fr\/impactblog\/countrystory-senegal-du-semi-desert-sec-a-la-foret-tropicale\/","og_site_name":"Africa GreenTec AG","article_publisher":"https:\/\/de-de.facebook.com\/AfricaGreenTec\/","article_modified_time":"2023-12-15T08:29:13+00:00","og_image":[{"width":2088,"height":1200,"url":"https:\/\/africagreentec.com.dev.kalayourlife.com\/wp-content\/uploads\/2023\/09\/Senegal.png","type":"image\/png"}],"twitter_card":"summary_large_image","twitter_site":"@AfricaGreenTec","twitter_misc":{"Dur\u00e9e de lecture estim\u00e9e":"8 minutes"},"schema":{"@context":"https:\/\/schema.org","@graph":[{"@type":"WebPage","@id":"https:\/\/africagreentec.com.dev.kalayourlife.com\/fr\/impactblog\/countrystory-senegal-du-semi-desert-sec-a-la-foret-tropicale\/","url":"https:\/\/africagreentec.com.dev.kalayourlife.com\/fr\/impactblog\/countrystory-senegal-du-semi-desert-sec-a-la-foret-tropicale\/","name":"#CountryStory Senegal \u2013 du semi-d\u00e9sert sec \u00e0 la for\u00eat tropicale - Africa GreenTec AG","isPartOf":{"@id":"https:\/\/africagreentec.com.dev.kalayourlife.com\/fr\/#website"},"datePublished":"2022-07-09T09:44:30+00:00","dateModified":"2023-12-15T08:29:13+00:00","breadcrumb":{"@id":"https:\/\/africagreentec.com.dev.kalayourlife.com\/fr\/impactblog\/countrystory-senegal-du-semi-desert-sec-a-la-foret-tropicale\/#breadcrumb"},"inLanguage":"fr-FR","potentialAction":[{"@type":"ReadAction","target":["https:\/\/africagreentec.com.dev.kalayourlife.com\/fr\/impactblog\/countrystory-senegal-du-semi-desert-sec-a-la-foret-tropicale\/"]}]},{"@type":"BreadcrumbList","@id":"https:\/\/africagreentec.com.dev.kalayourlife.com\/fr\/impactblog\/countrystory-senegal-du-semi-desert-sec-a-la-foret-tropicale\/#breadcrumb","itemListElement":[{"@type":"ListItem","position":1,"name":"Startseite","item":"https:\/\/africagreentec.com.dev.kalayourlife.com\/fr\/"},{"@type":"ListItem","position":2,"name":"Impactblog","item":"https:\/\/africagreentec.com.dev.kalayourlife.com\/fr\/impactblog\/"},{"@type":"ListItem","position":3,"name":"#CountryStory Senegal \u2013 du semi-d\u00e9sert sec \u00e0 la for\u00eat tropicale"}]},{"@type":"WebSite","@id":"https:\/\/africagreentec.com.dev.kalayourlife.com\/fr\/#website","url":"https:\/\/africagreentec.com.dev.kalayourlife.com\/fr\/","name":"Africa GreenTec AG","description":"","publisher":{"@id":"https:\/\/africagreentec.com.dev.kalayourlife.com\/fr\/#organization"},"potentialAction":[{"@type":"SearchAction","target":{"@type":"EntryPoint","urlTemplate":"https:\/\/africagreentec.com.dev.kalayourlife.com\/fr\/?s={search_term_string}"},"query-input":"required name=search_term_string"}],"inLanguage":"fr-FR"},{"@type":"Organization","@id":"https:\/\/africagreentec.com.dev.kalayourlife.com\/fr\/#organization","name":"Africa GreenTec AG","url":"https:\/\/africagreentec.com.dev.kalayourlife.com\/fr\/","logo":{"@type":"ImageObject","inLanguage":"fr-FR","@id":"https:\/\/africagreentec.com.dev.kalayourlife.com\/fr\/#\/schema\/logo\/image\/","url":"https:\/\/africagreentec.com.dev.kalayourlife.com\/wp-content\/uploads\/2023\/01\/AGT_Logo_BC-22-07-22.svg","contentUrl":"https:\/\/africagreentec.com.dev.kalayourlife.com\/wp-content\/uploads\/2023\/01\/AGT_Logo_BC-22-07-22.svg","width":580,"height":249,"caption":"Africa GreenTec AG"},"image":{"@id":"https:\/\/africagreentec.com.dev.kalayourlife.com\/fr\/#\/schema\/logo\/image\/"},"sameAs":["https:\/\/de-de.facebook.com\/AfricaGreenTec\/","https:\/\/twitter.com\/AfricaGreenTec","https:\/\/de.linkedin.com\/company\/africa-greentec","https:\/\/www.instagram.com\/africa_greentec\/"]}]}},"_links":{"self":[{"href":"https:\/\/africagreentec.com.dev.kalayourlife.com\/fr\/wp-json\/wp\/v2\/impactblog\/9901"}],"collection":[{"href":"https:\/\/africagreentec.com.dev.kalayourlife.com\/fr\/wp-json\/wp\/v2\/impactblog"}],"about":[{"href":"https:\/\/africagreentec.com.dev.kalayourlife.com\/fr\/wp-json\/wp\/v2\/types\/impactblog"}],"version-history":[{"count":19,"href":"https:\/\/africagreentec.com.dev.kalayourlife.com\/fr\/wp-json\/wp\/v2\/impactblog\/9901\/revisions"}],"predecessor-version":[{"id":16248,"href":"https:\/\/africagreentec.com.dev.kalayourlife.com\/fr\/wp-json\/wp\/v2\/impactblog\/9901\/revisions\/16248"}],"wp:featuredmedia":[{"embeddable":true,"href":"https:\/\/africagreentec.com.dev.kalayourlife.com\/fr\/wp-json\/wp\/v2\/media\/8277"}],"wp:attachment":[{"href":"https:\/\/africagreentec.com.dev.kalayourlife.com\/fr\/wp-json\/wp\/v2\/media?parent=9901"}],"wp:term":[{"taxonomy":"impactblog_kategorien","embeddable":true,"href":"https:\/\/africagreentec.com.dev.kalayourlife.com\/fr\/wp-json\/wp\/v2\/impactblog_kategorien?post=9901"}],"curies":[{"name":"wp","href":"https:\/\/api.w.org\/{rel}","templated":true}]}}