{"id":5387,"date":"2021-09-18T10:38:30","date_gmt":"2021-09-18T08:38:30","guid":{"rendered":"https:\/\/africagreentec.com.dev.kalayourlife.com\/presse\/partenariat-dinnovation-entre-africa-greentec-et-audi-ag\/"},"modified":"2023-08-16T13:46:50","modified_gmt":"2023-08-16T11:46:50","slug":"partenariat-dinnovation-entre-africa-greentec-et-audi-ag","status":"publish","type":"presse","link":"https:\/\/africagreentec.com.dev.kalayourlife.com\/fr\/presse\/partenariat-dinnovation-entre-africa-greentec-et-audi-ag\/","title":{"rendered":"Partenariat d&rsquo;innovation entre Africa GreenTec et AUDI AG"},"content":{"rendered":"\t\t<div data-elementor-type=\"wp-post\" data-elementor-id=\"5387\" class=\"elementor elementor-5387 elementor-2711\" data-elementor-post-type=\"presse\">\n\t\t\t\t\t\t\t\t\t<section class=\"elementor-section elementor-top-section elementor-element elementor-element-f5112d7 elementor-section-boxed elementor-section-height-default elementor-section-height-default\" data-id=\"f5112d7\" data-element_type=\"section\">\n\t\t\t\t\t\t<div class=\"elementor-container elementor-column-gap-default\">\n\t\t\t\t\t<div class=\"elementor-column elementor-col-100 elementor-top-column elementor-element elementor-element-ff9c3bb\" data-id=\"ff9c3bb\" data-element_type=\"column\">\n\t\t\t<div class=\"elementor-widget-wrap elementor-element-populated\">\n\t\t\t\t\t\t\t\t<div class=\"elementor-element elementor-element-1411d22 elementor-widget elementor-widget-kyl_breadcrumb\" data-id=\"1411d22\" data-element_type=\"widget\" data-widget_type=\"kyl_breadcrumb.default\">\n\t\t\t\t<div class=\"elementor-widget-container\">\n\t\t\t\n        <div class=\"kyl_breadcrumb\">\n            <div class=\"wrapper\">\n                <a class=\"home\" href=\"\/\">Home<\/a>\n\n\t\t\t\t            <span class=\"delimiter\"><\/span>\n\t\t\t                <span>Partenariat d'innovation entre Africa GreenTec et AUDI AG<\/span>\n\t\t\t            <\/div>\n        <\/div>\n\t\t\t\t<\/div>\n\t\t\t\t<\/div>\n\t\t\t\t<div class=\"elementor-element elementor-element-05ba50a elementor-widget elementor-widget-spacer\" data-id=\"05ba50a\" data-element_type=\"widget\" data-widget_type=\"spacer.default\">\n\t\t\t\t<div class=\"elementor-widget-container\">\n\t\t\t<style>\/*! elementor - v3.16.0 - 17-10-2023 *\/\n.elementor-column .elementor-spacer-inner{height:var(--spacer-size)}.e-con{--container-widget-width:100%}.e-con-inner>.elementor-widget-spacer,.e-con>.elementor-widget-spacer{width:var(--container-widget-width,var(--spacer-size));--align-self:var(--container-widget-align-self,initial);--flex-shrink:0}.e-con-inner>.elementor-widget-spacer>.elementor-widget-container,.e-con>.elementor-widget-spacer>.elementor-widget-container{height:100%;width:100%}.e-con-inner>.elementor-widget-spacer>.elementor-widget-container>.elementor-spacer,.e-con>.elementor-widget-spacer>.elementor-widget-container>.elementor-spacer{height:100%}.e-con-inner>.elementor-widget-spacer>.elementor-widget-container>.elementor-spacer>.elementor-spacer-inner,.e-con>.elementor-widget-spacer>.elementor-widget-container>.elementor-spacer>.elementor-spacer-inner{height:var(--container-widget-height,var(--spacer-size))}.e-con-inner>.elementor-widget-spacer.elementor-widget-empty,.e-con>.elementor-widget-spacer.elementor-widget-empty{position:relative;min-height:22px;min-width:22px}.e-con-inner>.elementor-widget-spacer.elementor-widget-empty .elementor-widget-empty-icon,.e-con>.elementor-widget-spacer.elementor-widget-empty .elementor-widget-empty-icon{position:absolute;top:0;bottom:0;left:0;right:0;margin:auto;padding:0;width:22px;height:22px}<\/style>\t\t<div class=\"elementor-spacer\">\n\t\t\t<div class=\"elementor-spacer-inner\"><\/div>\n\t\t<\/div>\n\t\t\t\t<\/div>\n\t\t\t\t<\/div>\n\t\t\t\t<div class=\"elementor-element elementor-element-90e9090 elementor-widget elementor-widget-kyl_headline\" data-id=\"90e9090\" data-element_type=\"widget\" data-widget_type=\"kyl_headline.default\">\n\t\t\t\t<div class=\"elementor-widget-container\">\n\t\t\t\n        <div class=\"kyl_headline\">\n            <div class=\"container\">\n\n                <h1 class=\"headline\">\n                    Partenariat d'innovation entre Africa GreenTec et AUDI AG                <\/h1>\n\n            <\/div>\n        <\/div>\n\n\t\t\t\t<\/div>\n\t\t\t\t<\/div>\n\t\t\t\t<div class=\"elementor-element elementor-element-4e39afd elementor-widget elementor-widget-spacer\" data-id=\"4e39afd\" data-element_type=\"widget\" data-widget_type=\"spacer.default\">\n\t\t\t\t<div class=\"elementor-widget-container\">\n\t\t\t\t\t<div class=\"elementor-spacer\">\n\t\t\t<div class=\"elementor-spacer-inner\"><\/div>\n\t\t<\/div>\n\t\t\t\t<\/div>\n\t\t\t\t<\/div>\n\t\t\t\t<div class=\"elementor-element elementor-element-9a7d8c5 width-full_width elementor-widget elementor-widget-kyl_images\" data-id=\"9a7d8c5\" data-element_type=\"widget\" data-widget_type=\"kyl_images.default\">\n\t\t\t\t<div class=\"elementor-widget-container\">\n\t\t\t\n        <div class=\"kyl_images\" data-count=\"1\">\n\n\t\t\t                <div class=\"image image1 \">\n\t\t\t\t\t<img decoding=\"async\" src=\"https:\/\/africagreentec.com.dev.kalayourlife.com\/wp-content\/uploads\/2023\/01\/ST-on-truck-dust-piste_hero_HTS_Koipe.jpg\" title=\"ST on truck dust piste_hero_HTS_Koipe\" alt=\"ST on truck dust piste_hero_HTS_Koipe\" loading=\"lazy\" \/>\n\t\t\t\t\t                <\/div>\n\t\t\t\n\t\t\t\n\n        <\/div>\n\n\t\t\t\t<\/div>\n\t\t\t\t<\/div>\n\t\t\t\t<div class=\"elementor-element elementor-element-525e1be elementor-widget elementor-widget-spacer\" data-id=\"525e1be\" data-element_type=\"widget\" data-widget_type=\"spacer.default\">\n\t\t\t\t<div class=\"elementor-widget-container\">\n\t\t\t\t\t<div class=\"elementor-spacer\">\n\t\t\t<div class=\"elementor-spacer-inner\"><\/div>\n\t\t<\/div>\n\t\t\t\t<\/div>\n\t\t\t\t<\/div>\n\t\t\t\t\t<\/div>\n\t\t<\/div>\n\t\t\t\t\t\t\t<\/div>\n\t\t<\/section>\n\t\t\t\t<section class=\"elementor-section elementor-top-section elementor-element elementor-element-04f245e elementor-section-boxed elementor-section-height-default elementor-section-height-default\" data-id=\"04f245e\" data-element_type=\"section\">\n\t\t\t\t\t\t<div class=\"elementor-container elementor-column-gap-default\">\n\t\t\t\t\t<div class=\"elementor-column elementor-col-100 elementor-top-column elementor-element elementor-element-e33cbd6\" data-id=\"e33cbd6\" data-element_type=\"column\">\n\t\t\t<div class=\"elementor-widget-wrap elementor-element-populated\">\n\t\t\t\t\t\t\t\t<div class=\"elementor-element elementor-element-bb787d5 elementor-widget elementor-widget-kyl_text\" data-id=\"bb787d5\" data-element_type=\"widget\" data-widget_type=\"kyl_text.default\">\n\t\t\t\t<div class=\"elementor-widget-container\">\n\t\t\t\n        <div class=\"kyl_text is-left\">\n            <div class=\"container\">\n\t\t\t\t\n\t\t\t                <div class=\"text\">\n\t\t\t\t\tQuel est le lien entre AUDI AG et l'\u00e9lectrification durable des villages en Afrique ? En collaboration avec l'entreprise sociale Africa GreenTec, le groupe automobile montre comment les batteries de l'Audi e-tron peuvent \u00eatre r\u00e9utilis\u00e9es pour alimenter des r\u00e9gions rurales en Afrique pendant la nuit \u00e0 partir d'\u00e9nergies renouvelables.                <\/div>\n\t\t\t\n\t\t\t        <\/div>\n        <\/div>\n\t\t\t\t<\/div>\n\t\t\t\t<\/div>\n\t\t\t\t<div class=\"elementor-element elementor-element-6245cbe elementor-widget elementor-widget-spacer\" data-id=\"6245cbe\" data-element_type=\"widget\" data-widget_type=\"spacer.default\">\n\t\t\t\t<div class=\"elementor-widget-container\">\n\t\t\t\t\t<div class=\"elementor-spacer\">\n\t\t\t<div class=\"elementor-spacer-inner\"><\/div>\n\t\t<\/div>\n\t\t\t\t<\/div>\n\t\t\t\t<\/div>\n\t\t\t\t\t<\/div>\n\t\t<\/div>\n\t\t\t\t\t\t\t<\/div>\n\t\t<\/section>\n\t\t\t\t<section class=\"elementor-section elementor-top-section elementor-element elementor-element-33c3eaa elementor-section-boxed elementor-section-height-default elementor-section-height-default\" data-id=\"33c3eaa\" data-element_type=\"section\">\n\t\t\t\t\t\t<div class=\"elementor-container elementor-column-gap-default\">\n\t\t\t\t\t<div class=\"elementor-column elementor-col-100 elementor-top-column elementor-element elementor-element-eba6c9a\" data-id=\"eba6c9a\" data-element_type=\"column\">\n\t\t\t<div class=\"elementor-widget-wrap elementor-element-populated\">\n\t\t\t\t\t\t\t\t<div class=\"elementor-element elementor-element-edf8584 quotetext-size-normal elementor-widget elementor-widget-kyl_quote\" data-id=\"edf8584\" data-element_type=\"widget\" data-widget_type=\"kyl_quote.default\">\n\t\t\t\t<div class=\"elementor-widget-container\">\n\t\t\t\n        <div class=\"kyl_quote\">\n            <div class=\"container is-left\">\n                <div class=\"quote quote_alt\">\u201c<\/div>\n                <div class=\"wrapper-image no-image\">\n\n                    \n                <\/div>\n                <div class=\"wrapper-text\">\n\n                    <div class=\"quote\">\u201c<\/div>\n\n                                            <div class=\"quotetext\">\n                            Nous ne r\u00e9ussirons la transition \u00e9nerg\u00e9tique globale qu'en collaboration avec l'industrie. Avec AUDI AG, nous avons gagn\u00e9 un excellent partenaire pour utiliser longtemps et raisonnablement des accumulateurs \u00e0 batterie de haute qualit\u00e9 et de haute performance. Nous nous r\u00e9jouissons de l'utilisation des modules de batterie dans nos ImpactSites<sup>\u00ae<\/sup>                        <\/div>\n                    \n                                            <h6 class=\"author\">\n                            souligne Torsten Schreiber, PDG et fondateur d'Africa GreenTec                        <\/h6>\n                    \n                <\/div>\n            <\/div>\n        <\/div>\n\n        \t\t<\/div>\n\t\t\t\t<\/div>\n\t\t\t\t<div class=\"elementor-element elementor-element-ff8717d elementor-widget elementor-widget-spacer\" data-id=\"ff8717d\" data-element_type=\"widget\" data-widget_type=\"spacer.default\">\n\t\t\t\t<div class=\"elementor-widget-container\">\n\t\t\t\t\t<div class=\"elementor-spacer\">\n\t\t\t<div class=\"elementor-spacer-inner\"><\/div>\n\t\t<\/div>\n\t\t\t\t<\/div>\n\t\t\t\t<\/div>\n\t\t\t\t\t<\/div>\n\t\t<\/div>\n\t\t\t\t\t\t\t<\/div>\n\t\t<\/section>\n\t\t\t\t<section class=\"elementor-section elementor-top-section elementor-element elementor-element-1479faa elementor-section-boxed elementor-section-height-default elementor-section-height-default\" data-id=\"1479faa\" data-element_type=\"section\">\n\t\t\t\t\t\t<div class=\"elementor-container elementor-column-gap-default\">\n\t\t\t\t\t<div class=\"elementor-column elementor-col-100 elementor-top-column elementor-element elementor-element-fccc111\" data-id=\"fccc111\" data-element_type=\"column\">\n\t\t\t<div class=\"elementor-widget-wrap elementor-element-populated\">\n\t\t\t\t\t\t\t\t<div class=\"elementor-element elementor-element-1e93de1 elementor-widget elementor-widget-kyl_text\" data-id=\"1e93de1\" data-element_type=\"widget\" data-widget_type=\"kyl_text.default\">\n\t\t\t\t<div class=\"elementor-widget-container\">\n\t\t\t\n        <div class=\"kyl_text is-left\">\n            <div class=\"container\">\n\t\t\t\t\n\t\t\t                <div class=\"text\">\n\t\t\t\t\t<p>Selon les pr\u00e9visions du magazine WirtschaftsWoche, les trois plus grands constructeurs automobiles allemands produiront cette ann\u00e9e plus d'un million de voitures \u00e9lectriques, avec une tendance \u00e0 la hausse (Source : <a href=\"https:\/\/www.wiwo.de\/unternehmen\/auto\/aufholjagd-beim-e-antrieb-mckinsey-deutschland-wird-2021-groesster-e-autohersteller-der-welt\/25589576.html\">WirtschaftsWoche<\/a>, 2020).<\/p><p>C'est pourquoi les experts recherchent des applications \"2nd-life\" pertinentes pour les batteries dans les v\u00e9hicules d'occasion et de test afin d'am\u00e9liorer encore l'empreinte \u00e9cologique. Dans la plupart des cas, les batteries lithium-ion sont encore tr\u00e8s performantes et bien adapt\u00e9es \u00e0 une utilisation stationnaire, m\u00eame si elles ne remplissent probablement plus tous les crit\u00e8res pour des applications dynamiques comme la mobilit\u00e9.<\/p><p>En tant que partenaire de l'industrie, Africa GreenTec souhaite montrer, gr\u00e2ce \u00e0 ce partenariat en mati\u00e8re d'innovation, comment il est possible de combiner intelligemment les batteries de seconde vie avec son propre savoir-faire en Afrique. L'acc\u00e8s \u00e0 l'\u00e9lectricit\u00e9 est le d\u00e9but d'un d\u00e9veloppement durable et peut d\u00e9clencher une spirale de croissance aux nombreux effets positifs. En tant que pionnier, Africa GreenTec utilise d\u00e9j\u00e0 depuis 2015 des batteries lithium-ion de haute qualit\u00e9 dans son Solartainer\u00ae pour alimenter en \u00e9lectricit\u00e9 des villages en Afrique subsaharienne. Un r\u00e9seau \u00e9lectrique intelligent distribue l'\u00e9lectricit\u00e9 via un syst\u00e8me de tarification PrePaid et permet l'analyse des donn\u00e9es ainsi que la maintenance \u00e0 distance.<\/p><p>AUDI AG a maintenant \u00e9t\u00e9 convaincu d'\u00eatre un partenaire pour utiliser des batteries puissantes de v\u00e9hicules \u00e9lectriques de grande capacit\u00e9 pour l'\u00e9lectrification des villages.<\/p>                <\/div>\n\t\t\t\n\t\t\t        <\/div>\n        <\/div>\n\t\t\t\t<\/div>\n\t\t\t\t<\/div>\n\t\t\t\t<div class=\"elementor-element elementor-element-4b2a05d elementor-widget elementor-widget-spacer\" data-id=\"4b2a05d\" data-element_type=\"widget\" data-widget_type=\"spacer.default\">\n\t\t\t\t<div class=\"elementor-widget-container\">\n\t\t\t\t\t<div class=\"elementor-spacer\">\n\t\t\t<div class=\"elementor-spacer-inner\"><\/div>\n\t\t<\/div>\n\t\t\t\t<\/div>\n\t\t\t\t<\/div>\n\t\t\t\t\t<\/div>\n\t\t<\/div>\n\t\t\t\t\t\t\t<\/div>\n\t\t<\/section>\n\t\t\t\t<section class=\"elementor-section elementor-top-section elementor-element elementor-element-0fce682 elementor-section-boxed elementor-section-height-default elementor-section-height-default\" data-id=\"0fce682\" data-element_type=\"section\">\n\t\t\t\t\t\t<div class=\"elementor-container elementor-column-gap-default\">\n\t\t\t\t\t<div class=\"elementor-column elementor-col-100 elementor-top-column elementor-element elementor-element-9a88a59\" data-id=\"9a88a59\" data-element_type=\"column\">\n\t\t\t<div class=\"elementor-widget-wrap elementor-element-populated\">\n\t\t\t\t\t\t\t\t<div class=\"elementor-element elementor-element-d35a32f quotetext-size-normal elementor-widget elementor-widget-kyl_quote\" data-id=\"d35a32f\" data-element_type=\"widget\" data-widget_type=\"kyl_quote.default\">\n\t\t\t\t<div class=\"elementor-widget-container\">\n\t\t\t\n        <div class=\"kyl_quote\">\n            <div class=\"container is-left\">\n                <div class=\"quote quote_alt\">\u201c<\/div>\n                <div class=\"wrapper-image no-image\">\n\n                    \n                <\/div>\n                <div class=\"wrapper-text\">\n\n                    <div class=\"quote\">\u201c<\/div>\n\n                                            <div class=\"quotetext\">\n                            <p>AUDI AG se r\u00e9jouit de tester, en collaboration avec Africa GreenTec, une autre application passionnante pour les accumulateurs 2nd-Life. Gr\u00e2ce aux standards de qualit\u00e9 \u00e9lev\u00e9s d'Audi, nos batteries haute tension sont parfaitement adapt\u00e9es aux conditions climatiques particuli\u00e8res sur place. Outre la durabilit\u00e9 et les aspects techniques, les aspects sociaux jouent \u00e9galement un r\u00f4le important dans cette coop\u00e9ration.<\/p>                        <\/div>\n                    \n                                            <h6 class=\"author\">\n                            dit Hagen Seifert, responsable des concepts de produits durables chez Audi                        <\/h6>\n                    \n                <\/div>\n            <\/div>\n        <\/div>\n\n        \t\t<\/div>\n\t\t\t\t<\/div>\n\t\t\t\t<div class=\"elementor-element elementor-element-3069133 elementor-widget elementor-widget-spacer\" data-id=\"3069133\" data-element_type=\"widget\" data-widget_type=\"spacer.default\">\n\t\t\t\t<div class=\"elementor-widget-container\">\n\t\t\t\t\t<div class=\"elementor-spacer\">\n\t\t\t<div class=\"elementor-spacer-inner\"><\/div>\n\t\t<\/div>\n\t\t\t\t<\/div>\n\t\t\t\t<\/div>\n\t\t\t\t\t<\/div>\n\t\t<\/div>\n\t\t\t\t\t\t\t<\/div>\n\t\t<\/section>\n\t\t\t\t<section class=\"elementor-section elementor-top-section elementor-element elementor-element-50d435e elementor-section-boxed elementor-section-height-default elementor-section-height-default\" data-id=\"50d435e\" data-element_type=\"section\">\n\t\t\t\t\t\t<div class=\"elementor-container elementor-column-gap-default\">\n\t\t\t\t\t<div class=\"elementor-column elementor-col-100 elementor-top-column elementor-element elementor-element-517dd19\" data-id=\"517dd19\" data-element_type=\"column\">\n\t\t\t<div class=\"elementor-widget-wrap elementor-element-populated\">\n\t\t\t\t\t\t\t\t<div class=\"elementor-element elementor-element-17e1a8a elementor-widget elementor-widget-kyl_text\" data-id=\"17e1a8a\" data-element_type=\"widget\" data-widget_type=\"kyl_text.default\">\n\t\t\t\t<div class=\"elementor-widget-container\">\n\t\t\t\n        <div class=\"kyl_text is-left\">\n            <div class=\"container\">\n\t\t\t\t\n\t\t\t                <div class=\"text\">\n\t\t\t\t\t<p>Gr\u00e2ce au nouveau partenariat et \u00e0 la coop\u00e9ration en mati\u00e8re de recherche, des batteries provenant de v\u00e9hicules d'essai seront utilis\u00e9es dans le cadre d'un projet pilote. \u00c0 moyen terme, Africa GreenTec souhaite \u00e9tendre le partenariat avec AUDI AG et \u00e9quiper au total au moins 50 villages de la r\u00e9gion du Sahel avec des batteries de seconde vie issues de l'\u00e9lectromobilit\u00e9.<\/p><p>Apr\u00e8s leur utilisation, les batteries seront retourn\u00e9es \u00e0 Audi AG pour un recyclage complet des batteries.<\/p><p>Outre la composante de durabilit\u00e9 dans le partenariat, Africa GreenTec voit un grand potentiel dans la possibilit\u00e9 de r\u00e9duire les co\u00fbts de production des Solartainer et de stocker l'\u00e9lectricit\u00e9 \u00e0 moindre co\u00fbt. Une \u00e9tape importante pour faire progresser l'impact et l'ampleur de l'entreprise sociale. Depuis sa cr\u00e9ation, l'entreprise renonce compl\u00e8tement \u00e0 l'utilisation de g\u00e9n\u00e9rateurs diesel dans tous ses projets et utilise des batteries lithium-ion pour l'approvisionnement pendant la nuit.<\/p><p>Le Solartainer est l'\u00e9l\u00e9ment cl\u00e9 des ImpactSites d'Africa GreenTec. Les ImpactSites montrent comment les solutions technologiques permettent aux gens de construire leur avenir de mani\u00e8re durable et autonome et de saisir les opportunit\u00e9s de nouveaux emplois et revenus. Les cha\u00eenes de froid et le traitement de l'eau permettent de mieux g\u00e9rer les cons\u00e9quences m\u00e9t\u00e9orologiques du changement climatique et de nouvelles perspectives aident \u00e0 lutter contre la migration.<\/p>                <\/div>\n\t\t\t\n\t\t\t        <\/div>\n        <\/div>\n\t\t\t\t<\/div>\n\t\t\t\t<\/div>\n\t\t\t\t<div class=\"elementor-element elementor-element-6477727 elementor-widget elementor-widget-spacer\" data-id=\"6477727\" data-element_type=\"widget\" data-widget_type=\"spacer.default\">\n\t\t\t\t<div class=\"elementor-widget-container\">\n\t\t\t\t\t<div class=\"elementor-spacer\">\n\t\t\t<div class=\"elementor-spacer-inner\"><\/div>\n\t\t<\/div>\n\t\t\t\t<\/div>\n\t\t\t\t<\/div>\n\t\t\t\t\t<\/div>\n\t\t<\/div>\n\t\t\t\t\t\t\t<\/div>\n\t\t<\/section>\n\t\t\t\t<section class=\"elementor-section elementor-top-section elementor-element elementor-element-225a1b5 elementor-section-boxed elementor-section-height-default elementor-section-height-default\" data-id=\"225a1b5\" data-element_type=\"section\">\n\t\t\t\t\t\t<div class=\"elementor-container elementor-column-gap-default\">\n\t\t\t\t\t<div class=\"elementor-column elementor-col-100 elementor-top-column elementor-element elementor-element-c37a104\" data-id=\"c37a104\" data-element_type=\"column\">\n\t\t\t<div class=\"elementor-widget-wrap elementor-element-populated\">\n\t\t\t\t\t\t\t\t<div class=\"elementor-element elementor-element-1bcb9cb elementor-widget elementor-widget-kyl_author\" data-id=\"1bcb9cb\" data-element_type=\"widget\" data-widget_type=\"kyl_author.default\">\n\t\t\t\t<div class=\"elementor-widget-container\">\n\t\t\t\n        <div class=\"kyl_author\">\n\n            <img decoding=\"async\" class=\"author\"\n                 src=\"https:\/\/africagreentec.com.dev.kalayourlife.com\/wp-content\/uploads\/2023\/03\/Element-1@2x-150x150.png\"\n                 srcset=\"https:\/\/africagreentec.com.dev.kalayourlife.com\/wp-content\/uploads\/2023\/03\/Element-1@2x-224x300.png 224w, https:\/\/africagreentec.com.dev.kalayourlife.com\/wp-content\/uploads\/2023\/03\/Element-1@2x-766x1024.png 766w, https:\/\/africagreentec.com.dev.kalayourlife.com\/wp-content\/uploads\/2023\/03\/Element-1@2x-768x1027.png 768w, https:\/\/africagreentec.com.dev.kalayourlife.com\/wp-content\/uploads\/2023\/03\/Element-1@2x-598x800.png 598w, https:\/\/africagreentec.com.dev.kalayourlife.com\/wp-content\/uploads\/2023\/03\/Element-1@2x-897x1200.png 897w, https:\/\/africagreentec.com.dev.kalayourlife.com\/wp-content\/uploads\/2023\/03\/Element-1@2x-449x600.png 449w, https:\/\/africagreentec.com.dev.kalayourlife.com\/wp-content\/uploads\/2023\/03\/Element-1@2x-808x1080.png 808w, https:\/\/africagreentec.com.dev.kalayourlife.com\/wp-content\/uploads\/2023\/03\/Element-1@2x.png 1085w\"\n                 alt=\"\">\n            <div class=\"text\">\n                <span class=\"name\">\n                    Frankfurt<br \/>\nSeptembre 2021                <\/span>\n                <br>\n            <\/div>\n\n        <\/div>\n\n\t\t\t\t<\/div>\n\t\t\t\t<\/div>\n\t\t\t\t<div class=\"elementor-element elementor-element-10eb9e6 elementor-widget elementor-widget-spacer\" data-id=\"10eb9e6\" data-element_type=\"widget\" data-widget_type=\"spacer.default\">\n\t\t\t\t<div class=\"elementor-widget-container\">\n\t\t\t\t\t<div class=\"elementor-spacer\">\n\t\t\t<div class=\"elementor-spacer-inner\"><\/div>\n\t\t<\/div>\n\t\t\t\t<\/div>\n\t\t\t\t<\/div>\n\t\t\t\t\t<\/div>\n\t\t<\/div>\n\t\t\t\t\t\t\t<\/div>\n\t\t<\/section>\n\t\t\t\t\t\t\t<\/div>\n\t\t","protected":false},"featured_media":6846,"template":"","presse_kategorien":[59],"acf":[],"yoast_head":"<!-- This site is optimized with the Yoast SEO plugin v21.4 - https:\/\/yoast.com\/wordpress\/plugins\/seo\/ -->\n<title>Partenariat d&#039;innovation entre Africa GreenTec et AUDI AG - Africa GreenTec AG<\/title>\n<meta name=\"robots\" content=\"noindex, follow, max-snippet:-1, max-image-preview:large, max-video-preview:-1\" \/>\n<meta property=\"og:locale\" content=\"fr_FR\" \/>\n<meta property=\"og:type\" content=\"article\" \/>\n<meta property=\"og:title\" content=\"Partenariat d&#039;innovation entre Africa GreenTec et AUDI AG - Africa GreenTec AG\" \/>\n<meta property=\"og:description\" content=\"Home Partenariat d&rsquo;innovation entre Africa GreenTec et AUDI AG Partenariat d&rsquo;innovation entre Africa GreenTec et AUDI AG Quel est le lien entre AUDI AG et l&rsquo;\u00e9lectrification durable des villages en Afrique ? En collaboration avec l&rsquo;entreprise sociale Africa GreenTec, le groupe automobile montre comment les batteries de l&rsquo;Audi e-tron peuvent \u00eatre r\u00e9utilis\u00e9es pour alimenter des [&hellip;]\" \/>\n<meta property=\"og:url\" content=\"https:\/\/africagreentec.com.dev.kalayourlife.com\/fr\/presse\/partenariat-dinnovation-entre-africa-greentec-et-audi-ag\/\" \/>\n<meta property=\"og:site_name\" content=\"Africa GreenTec AG\" \/>\n<meta property=\"article:publisher\" content=\"https:\/\/de-de.facebook.com\/AfricaGreenTec\/\" \/>\n<meta property=\"article:modified_time\" content=\"2023-08-16T11:46:50+00:00\" \/>\n<meta property=\"og:image\" content=\"https:\/\/africagreentec.com.dev.kalayourlife.com\/wp-content\/uploads\/2022\/05\/AUDI-AG.png\" \/>\n\t<meta property=\"og:image:width\" content=\"1080\" \/>\n\t<meta property=\"og:image:height\" content=\"1080\" \/>\n\t<meta property=\"og:image:type\" content=\"image\/png\" \/>\n<meta name=\"twitter:card\" content=\"summary_large_image\" \/>\n<meta name=\"twitter:site\" content=\"@AfricaGreenTec\" \/>\n<meta name=\"twitter:label1\" content=\"Dur\u00e9e de lecture estim\u00e9e\" \/>\n\t<meta name=\"twitter:data1\" content=\"4 minutes\" \/>\n<script type=\"application\/ld+json\" class=\"yoast-schema-graph\">{\"@context\":\"https:\/\/schema.org\",\"@graph\":[{\"@type\":\"WebPage\",\"@id\":\"https:\/\/africagreentec.com.dev.kalayourlife.com\/fr\/presse\/partenariat-dinnovation-entre-africa-greentec-et-audi-ag\/\",\"url\":\"https:\/\/africagreentec.com.dev.kalayourlife.com\/fr\/presse\/partenariat-dinnovation-entre-africa-greentec-et-audi-ag\/\",\"name\":\"Partenariat d'innovation entre Africa GreenTec et AUDI AG - Africa GreenTec AG\",\"isPartOf\":{\"@id\":\"https:\/\/africagreentec.com.dev.kalayourlife.com\/fr\/#website\"},\"datePublished\":\"2021-09-18T08:38:30+00:00\",\"dateModified\":\"2023-08-16T11:46:50+00:00\",\"breadcrumb\":{\"@id\":\"https:\/\/africagreentec.com.dev.kalayourlife.com\/fr\/presse\/partenariat-dinnovation-entre-africa-greentec-et-audi-ag\/#breadcrumb\"},\"inLanguage\":\"fr-FR\",\"potentialAction\":[{\"@type\":\"ReadAction\",\"target\":[\"https:\/\/africagreentec.com.dev.kalayourlife.com\/fr\/presse\/partenariat-dinnovation-entre-africa-greentec-et-audi-ag\/\"]}]},{\"@type\":\"BreadcrumbList\",\"@id\":\"https:\/\/africagreentec.com.dev.kalayourlife.com\/fr\/presse\/partenariat-dinnovation-entre-africa-greentec-et-audi-ag\/#breadcrumb\",\"itemListElement\":[{\"@type\":\"ListItem\",\"position\":1,\"name\":\"Startseite\",\"item\":\"https:\/\/africagreentec.com.dev.kalayourlife.com\/fr\/\"},{\"@type\":\"ListItem\",\"position\":2,\"name\":\"Presse\",\"item\":\"https:\/\/africagreentec.com.dev.kalayourlife.com\/fr\/presse\/\"},{\"@type\":\"ListItem\",\"position\":3,\"name\":\"Partenariat d&#8217;innovation entre Africa GreenTec et AUDI AG\"}]},{\"@type\":\"WebSite\",\"@id\":\"https:\/\/africagreentec.com.dev.kalayourlife.com\/fr\/#website\",\"url\":\"https:\/\/africagreentec.com.dev.kalayourlife.com\/fr\/\",\"name\":\"Africa GreenTec AG\",\"description\":\"\",\"publisher\":{\"@id\":\"https:\/\/africagreentec.com.dev.kalayourlife.com\/fr\/#organization\"},\"potentialAction\":[{\"@type\":\"SearchAction\",\"target\":{\"@type\":\"EntryPoint\",\"urlTemplate\":\"https:\/\/africagreentec.com.dev.kalayourlife.com\/fr\/?s={search_term_string}\"},\"query-input\":\"required name=search_term_string\"}],\"inLanguage\":\"fr-FR\"},{\"@type\":\"Organization\",\"@id\":\"https:\/\/africagreentec.com.dev.kalayourlife.com\/fr\/#organization\",\"name\":\"Africa GreenTec AG\",\"url\":\"https:\/\/africagreentec.com.dev.kalayourlife.com\/fr\/\",\"logo\":{\"@type\":\"ImageObject\",\"inLanguage\":\"fr-FR\",\"@id\":\"https:\/\/africagreentec.com.dev.kalayourlife.com\/fr\/#\/schema\/logo\/image\/\",\"url\":\"https:\/\/africagreentec.com.dev.kalayourlife.com\/wp-content\/uploads\/2023\/01\/AGT_Logo_BC-22-07-22.svg\",\"contentUrl\":\"https:\/\/africagreentec.com.dev.kalayourlife.com\/wp-content\/uploads\/2023\/01\/AGT_Logo_BC-22-07-22.svg\",\"width\":580,\"height\":249,\"caption\":\"Africa GreenTec AG\"},\"image\":{\"@id\":\"https:\/\/africagreentec.com.dev.kalayourlife.com\/fr\/#\/schema\/logo\/image\/\"},\"sameAs\":[\"https:\/\/de-de.facebook.com\/AfricaGreenTec\/\",\"https:\/\/twitter.com\/AfricaGreenTec\",\"https:\/\/de.linkedin.com\/company\/africa-greentec\",\"https:\/\/www.instagram.com\/africa_greentec\/\"]}]}<\/script>\n<!-- \/ Yoast SEO plugin. -->","yoast_head_json":{"title":"Partenariat d'innovation entre Africa GreenTec et AUDI AG - Africa GreenTec AG","robots":{"index":"noindex","follow":"follow","max-snippet":"max-snippet:-1","max-image-preview":"max-image-preview:large","max-video-preview":"max-video-preview:-1"},"og_locale":"fr_FR","og_type":"article","og_title":"Partenariat d'innovation entre Africa GreenTec et AUDI AG - Africa GreenTec AG","og_description":"Home Partenariat d&rsquo;innovation entre Africa GreenTec et AUDI AG Partenariat d&rsquo;innovation entre Africa GreenTec et AUDI AG Quel est le lien entre AUDI AG et l&rsquo;\u00e9lectrification durable des villages en Afrique ? En collaboration avec l&rsquo;entreprise sociale Africa GreenTec, le groupe automobile montre comment les batteries de l&rsquo;Audi e-tron peuvent \u00eatre r\u00e9utilis\u00e9es pour alimenter des [&hellip;]","og_url":"https:\/\/africagreentec.com.dev.kalayourlife.com\/fr\/presse\/partenariat-dinnovation-entre-africa-greentec-et-audi-ag\/","og_site_name":"Africa GreenTec AG","article_publisher":"https:\/\/de-de.facebook.com\/AfricaGreenTec\/","article_modified_time":"2023-08-16T11:46:50+00:00","og_image":[{"width":1080,"height":1080,"url":"https:\/\/africagreentec.com.dev.kalayourlife.com\/wp-content\/uploads\/2022\/05\/AUDI-AG.png","type":"image\/png"}],"twitter_card":"summary_large_image","twitter_site":"@AfricaGreenTec","twitter_misc":{"Dur\u00e9e de lecture estim\u00e9e":"4 minutes"},"schema":{"@context":"https:\/\/schema.org","@graph":[{"@type":"WebPage","@id":"https:\/\/africagreentec.com.dev.kalayourlife.com\/fr\/presse\/partenariat-dinnovation-entre-africa-greentec-et-audi-ag\/","url":"https:\/\/africagreentec.com.dev.kalayourlife.com\/fr\/presse\/partenariat-dinnovation-entre-africa-greentec-et-audi-ag\/","name":"Partenariat d'innovation entre Africa GreenTec et AUDI AG - Africa GreenTec AG","isPartOf":{"@id":"https:\/\/africagreentec.com.dev.kalayourlife.com\/fr\/#website"},"datePublished":"2021-09-18T08:38:30+00:00","dateModified":"2023-08-16T11:46:50+00:00","breadcrumb":{"@id":"https:\/\/africagreentec.com.dev.kalayourlife.com\/fr\/presse\/partenariat-dinnovation-entre-africa-greentec-et-audi-ag\/#breadcrumb"},"inLanguage":"fr-FR","potentialAction":[{"@type":"ReadAction","target":["https:\/\/africagreentec.com.dev.kalayourlife.com\/fr\/presse\/partenariat-dinnovation-entre-africa-greentec-et-audi-ag\/"]}]},{"@type":"BreadcrumbList","@id":"https:\/\/africagreentec.com.dev.kalayourlife.com\/fr\/presse\/partenariat-dinnovation-entre-africa-greentec-et-audi-ag\/#breadcrumb","itemListElement":[{"@type":"ListItem","position":1,"name":"Startseite","item":"https:\/\/africagreentec.com.dev.kalayourlife.com\/fr\/"},{"@type":"ListItem","position":2,"name":"Presse","item":"https:\/\/africagreentec.com.dev.kalayourlife.com\/fr\/presse\/"},{"@type":"ListItem","position":3,"name":"Partenariat d&#8217;innovation entre Africa GreenTec et AUDI AG"}]},{"@type":"WebSite","@id":"https:\/\/africagreentec.com.dev.kalayourlife.com\/fr\/#website","url":"https:\/\/africagreentec.com.dev.kalayourlife.com\/fr\/","name":"Africa GreenTec AG","description":"","publisher":{"@id":"https:\/\/africagreentec.com.dev.kalayourlife.com\/fr\/#organization"},"potentialAction":[{"@type":"SearchAction","target":{"@type":"EntryPoint","urlTemplate":"https:\/\/africagreentec.com.dev.kalayourlife.com\/fr\/?s={search_term_string}"},"query-input":"required name=search_term_string"}],"inLanguage":"fr-FR"},{"@type":"Organization","@id":"https:\/\/africagreentec.com.dev.kalayourlife.com\/fr\/#organization","name":"Africa GreenTec AG","url":"https:\/\/africagreentec.com.dev.kalayourlife.com\/fr\/","logo":{"@type":"ImageObject","inLanguage":"fr-FR","@id":"https:\/\/africagreentec.com.dev.kalayourlife.com\/fr\/#\/schema\/logo\/image\/","url":"https:\/\/africagreentec.com.dev.kalayourlife.com\/wp-content\/uploads\/2023\/01\/AGT_Logo_BC-22-07-22.svg","contentUrl":"https:\/\/africagreentec.com.dev.kalayourlife.com\/wp-content\/uploads\/2023\/01\/AGT_Logo_BC-22-07-22.svg","width":580,"height":249,"caption":"Africa GreenTec AG"},"image":{"@id":"https:\/\/africagreentec.com.dev.kalayourlife.com\/fr\/#\/schema\/logo\/image\/"},"sameAs":["https:\/\/de-de.facebook.com\/AfricaGreenTec\/","https:\/\/twitter.com\/AfricaGreenTec","https:\/\/de.linkedin.com\/company\/africa-greentec","https:\/\/www.instagram.com\/africa_greentec\/"]}]}},"_links":{"self":[{"href":"https:\/\/africagreentec.com.dev.kalayourlife.com\/fr\/wp-json\/wp\/v2\/presse\/5387"}],"collection":[{"href":"https:\/\/africagreentec.com.dev.kalayourlife.com\/fr\/wp-json\/wp\/v2\/presse"}],"about":[{"href":"https:\/\/africagreentec.com.dev.kalayourlife.com\/fr\/wp-json\/wp\/v2\/types\/presse"}],"version-history":[{"count":10,"href":"https:\/\/africagreentec.com.dev.kalayourlife.com\/fr\/wp-json\/wp\/v2\/presse\/5387\/revisions"}],"predecessor-version":[{"id":6868,"href":"https:\/\/africagreentec.com.dev.kalayourlife.com\/fr\/wp-json\/wp\/v2\/presse\/5387\/revisions\/6868"}],"wp:featuredmedia":[{"embeddable":true,"href":"https:\/\/africagreentec.com.dev.kalayourlife.com\/fr\/wp-json\/wp\/v2\/media\/6846"}],"wp:attachment":[{"href":"https:\/\/africagreentec.com.dev.kalayourlife.com\/fr\/wp-json\/wp\/v2\/media?parent=5387"}],"wp:term":[{"taxonomy":"presse_kategorien","embeddable":true,"href":"https:\/\/africagreentec.com.dev.kalayourlife.com\/fr\/wp-json\/wp\/v2\/presse_kategorien?post=5387"}],"curies":[{"name":"wp","href":"https:\/\/api.w.org\/{rel}","templated":true}]}}