{"id":5421,"date":"2022-05-18T10:57:48","date_gmt":"2022-05-18T08:57:48","guid":{"rendered":"https:\/\/africagreentec.com.dev.kalayourlife.com\/presse\/africa-greentec-delocalise-la-production-au-senegal\/"},"modified":"2023-08-16T13:49:00","modified_gmt":"2023-08-16T11:49:00","slug":"africa-greentec-delocalise-la-production-au-senegal","status":"publish","type":"presse","link":"https:\/\/africagreentec.com.dev.kalayourlife.com\/fr\/presse\/africa-greentec-delocalise-la-production-au-senegal\/","title":{"rendered":"Africa GreenTec d\u00e9localise la production au S\u00e9n\u00e9gal"},"content":{"rendered":"\t\t<div data-elementor-type=\"wp-post\" data-elementor-id=\"5421\" class=\"elementor elementor-5421 elementor-2721\" data-elementor-post-type=\"presse\">\n\t\t\t\t\t\t\t\t\t<section class=\"elementor-section elementor-top-section elementor-element elementor-element-dcce7f1 elementor-section-boxed elementor-section-height-default elementor-section-height-default\" data-id=\"dcce7f1\" data-element_type=\"section\">\n\t\t\t\t\t\t<div class=\"elementor-container elementor-column-gap-default\">\n\t\t\t\t\t<div class=\"elementor-column elementor-col-100 elementor-top-column elementor-element elementor-element-161c25a\" data-id=\"161c25a\" data-element_type=\"column\">\n\t\t\t<div class=\"elementor-widget-wrap elementor-element-populated\">\n\t\t\t\t\t\t\t\t<div class=\"elementor-element elementor-element-5b06af3 elementor-widget elementor-widget-kyl_breadcrumb\" data-id=\"5b06af3\" data-element_type=\"widget\" data-widget_type=\"kyl_breadcrumb.default\">\n\t\t\t\t<div class=\"elementor-widget-container\">\n\t\t\t\n        <div class=\"kyl_breadcrumb\">\n            <div class=\"wrapper\">\n                <a class=\"home\" href=\"\/\">Home<\/a>\n\n\t\t\t\t            <span class=\"delimiter\"><\/span>\n\t\t\t                <span>Africa GreenTec d\u00e9localise la production au S\u00e9n\u00e9gal<\/span>\n\t\t\t            <\/div>\n        <\/div>\n\t\t\t\t<\/div>\n\t\t\t\t<\/div>\n\t\t\t\t<div class=\"elementor-element elementor-element-3bc2593 elementor-widget elementor-widget-spacer\" data-id=\"3bc2593\" data-element_type=\"widget\" data-widget_type=\"spacer.default\">\n\t\t\t\t<div class=\"elementor-widget-container\">\n\t\t\t<style>\/*! elementor - v3.16.0 - 17-10-2023 *\/\n.elementor-column .elementor-spacer-inner{height:var(--spacer-size)}.e-con{--container-widget-width:100%}.e-con-inner>.elementor-widget-spacer,.e-con>.elementor-widget-spacer{width:var(--container-widget-width,var(--spacer-size));--align-self:var(--container-widget-align-self,initial);--flex-shrink:0}.e-con-inner>.elementor-widget-spacer>.elementor-widget-container,.e-con>.elementor-widget-spacer>.elementor-widget-container{height:100%;width:100%}.e-con-inner>.elementor-widget-spacer>.elementor-widget-container>.elementor-spacer,.e-con>.elementor-widget-spacer>.elementor-widget-container>.elementor-spacer{height:100%}.e-con-inner>.elementor-widget-spacer>.elementor-widget-container>.elementor-spacer>.elementor-spacer-inner,.e-con>.elementor-widget-spacer>.elementor-widget-container>.elementor-spacer>.elementor-spacer-inner{height:var(--container-widget-height,var(--spacer-size))}.e-con-inner>.elementor-widget-spacer.elementor-widget-empty,.e-con>.elementor-widget-spacer.elementor-widget-empty{position:relative;min-height:22px;min-width:22px}.e-con-inner>.elementor-widget-spacer.elementor-widget-empty .elementor-widget-empty-icon,.e-con>.elementor-widget-spacer.elementor-widget-empty .elementor-widget-empty-icon{position:absolute;top:0;bottom:0;left:0;right:0;margin:auto;padding:0;width:22px;height:22px}<\/style>\t\t<div class=\"elementor-spacer\">\n\t\t\t<div class=\"elementor-spacer-inner\"><\/div>\n\t\t<\/div>\n\t\t\t\t<\/div>\n\t\t\t\t<\/div>\n\t\t\t\t<div class=\"elementor-element elementor-element-db24b57 elementor-widget elementor-widget-kyl_headline\" data-id=\"db24b57\" data-element_type=\"widget\" data-widget_type=\"kyl_headline.default\">\n\t\t\t\t<div class=\"elementor-widget-container\">\n\t\t\t\n        <div class=\"kyl_headline\">\n            <div class=\"container\">\n\n                <h1 class=\"headline\">\n                    Africa GreenTec d\u00e9localise la production et la technique au S\u00e9n\u00e9gal et cr\u00e9e sa propre acad\u00e9mie de formation                <\/h1>\n\n            <\/div>\n        <\/div>\n\n\t\t\t\t<\/div>\n\t\t\t\t<\/div>\n\t\t\t\t<div class=\"elementor-element elementor-element-aecdcd4 elementor-widget elementor-widget-spacer\" data-id=\"aecdcd4\" data-element_type=\"widget\" data-widget_type=\"spacer.default\">\n\t\t\t\t<div class=\"elementor-widget-container\">\n\t\t\t\t\t<div class=\"elementor-spacer\">\n\t\t\t<div class=\"elementor-spacer-inner\"><\/div>\n\t\t<\/div>\n\t\t\t\t<\/div>\n\t\t\t\t<\/div>\n\t\t\t\t<div class=\"elementor-element elementor-element-7f22ebf width-full_width elementor-widget elementor-widget-kyl_images\" data-id=\"7f22ebf\" data-element_type=\"widget\" data-widget_type=\"kyl_images.default\">\n\t\t\t\t<div class=\"elementor-widget-container\">\n\t\t\t\n        <div class=\"kyl_images\" data-count=\"1\">\n\n\t\t\t                <div class=\"image image1 \">\n\t\t\t\t\t<img decoding=\"async\" src=\"https:\/\/africagreentec.com.dev.kalayourlife.com\/wp-content\/uploads\/2023\/01\/Solartainer_Montage.png\" title=\"Solartainer_Montage\" alt=\"Solartainer_Montage\" loading=\"lazy\" \/>\n\t\t\t\t\t                <\/div>\n\t\t\t\n\t\t\t\n\n        <\/div>\n\n\t\t\t\t<\/div>\n\t\t\t\t<\/div>\n\t\t\t\t<div class=\"elementor-element elementor-element-4d07395 elementor-widget elementor-widget-spacer\" data-id=\"4d07395\" data-element_type=\"widget\" data-widget_type=\"spacer.default\">\n\t\t\t\t<div class=\"elementor-widget-container\">\n\t\t\t\t\t<div class=\"elementor-spacer\">\n\t\t\t<div class=\"elementor-spacer-inner\"><\/div>\n\t\t<\/div>\n\t\t\t\t<\/div>\n\t\t\t\t<\/div>\n\t\t\t\t\t<\/div>\n\t\t<\/div>\n\t\t\t\t\t\t\t<\/div>\n\t\t<\/section>\n\t\t\t\t<section class=\"elementor-section elementor-top-section elementor-element elementor-element-962e357 elementor-section-boxed elementor-section-height-default elementor-section-height-default\" data-id=\"962e357\" data-element_type=\"section\">\n\t\t\t\t\t\t<div class=\"elementor-container elementor-column-gap-default\">\n\t\t\t\t\t<div class=\"elementor-column elementor-col-100 elementor-top-column elementor-element elementor-element-aabcd74\" data-id=\"aabcd74\" data-element_type=\"column\">\n\t\t\t<div class=\"elementor-widget-wrap elementor-element-populated\">\n\t\t\t\t\t\t\t\t<div class=\"elementor-element elementor-element-8cdf9ea elementor-widget elementor-widget-kyl_text\" data-id=\"8cdf9ea\" data-element_type=\"widget\" data-widget_type=\"kyl_text.default\">\n\t\t\t\t<div class=\"elementor-widget-container\">\n\t\t\t\n        <div class=\"kyl_text is-left\">\n            <div class=\"container\">\n\t\t\t\t\n\t\t\t                <div class=\"text\">\n\t\t\t\t\tPionnier des minigrids sur le continent africain, Africa GreenTec d\u00e9veloppe, planifie et construit depuis 2016 ses propres ImpactSites<sup>\u00ae<\/sup>, des solutions holistiques et durables dans le domaine de l'approvisionnement en \u00e9nergie. Des communaut\u00e9s villageoises enti\u00e8res dans le Sud global sont ainsi \u00e9quip\u00e9es en \u00e9lectricit\u00e9, cha\u00eenes de froid, Internet, pompes \u00e0 eau et eau potable - le tout de mani\u00e8re autonome et exclusivement avec de l'\u00e9nergie solaire.\n\nLe S\u00e9n\u00e9gal est non seulement le quatri\u00e8me pays dans lequel Africa GreenTec est d\u00e9sormais actif, mais il jouera \u00e9galement un r\u00f4le important pour l'entreprise sociale \u00e0 l'avenir gr\u00e2ce \u00e0 son emplacement strat\u00e9gique sur l'Atlantique. La capitale, Dakar, deviendra le nouveau si\u00e8ge d'Africa GreenTec pour l'Afrique.                <\/div>\n\t\t\t\n\t\t\t        <\/div>\n        <\/div>\n\t\t\t\t<\/div>\n\t\t\t\t<\/div>\n\t\t\t\t<div class=\"elementor-element elementor-element-2e76051 elementor-widget elementor-widget-spacer\" data-id=\"2e76051\" data-element_type=\"widget\" data-widget_type=\"spacer.default\">\n\t\t\t\t<div class=\"elementor-widget-container\">\n\t\t\t\t\t<div class=\"elementor-spacer\">\n\t\t\t<div class=\"elementor-spacer-inner\"><\/div>\n\t\t<\/div>\n\t\t\t\t<\/div>\n\t\t\t\t<\/div>\n\t\t\t\t\t<\/div>\n\t\t<\/div>\n\t\t\t\t\t\t\t<\/div>\n\t\t<\/section>\n\t\t\t\t<section class=\"elementor-section elementor-top-section elementor-element elementor-element-0e2954d elementor-section-boxed elementor-section-height-default elementor-section-height-default\" data-id=\"0e2954d\" data-element_type=\"section\">\n\t\t\t\t\t\t<div class=\"elementor-container elementor-column-gap-default\">\n\t\t\t\t\t<div class=\"elementor-column elementor-col-100 elementor-top-column elementor-element elementor-element-7ecd881\" data-id=\"7ecd881\" data-element_type=\"column\">\n\t\t\t<div class=\"elementor-widget-wrap elementor-element-populated\">\n\t\t\t\t\t\t\t\t<div class=\"elementor-element elementor-element-571dc2f quotetext-size-normal elementor-widget elementor-widget-kyl_quote\" data-id=\"571dc2f\" data-element_type=\"widget\" data-widget_type=\"kyl_quote.default\">\n\t\t\t\t<div class=\"elementor-widget-container\">\n\t\t\t\n        <div class=\"kyl_quote\">\n            <div class=\"container is-left\">\n                <div class=\"quote quote_alt\">\u201c<\/div>\n                <div class=\"wrapper-image no-image\">\n\n                    \n                <\/div>\n                <div class=\"wrapper-text\">\n\n                    <div class=\"quote\">\u201c<\/div>\n\n                                            <div class=\"quotetext\">\n                            Nous sommes tr\u00e8s fiers de mentionner qu'en transf\u00e9rant la production de l'Allemagne vers l'Afrique, nous cr\u00e9ons \u00e9galement des emplois hautement qualifi\u00e9s en Afrique et que toute la cha\u00eene de valeur est repr\u00e9sent\u00e9e sur place.                        <\/div>\n                    \n                                            <h6 class=\"author\">\n                            Torsten Schreiber, Founder & CEO \u2013 AGT AG                        <\/h6>\n                    \n                <\/div>\n            <\/div>\n        <\/div>\n\n        \t\t<\/div>\n\t\t\t\t<\/div>\n\t\t\t\t<div class=\"elementor-element elementor-element-2a1cb81 elementor-widget elementor-widget-spacer\" data-id=\"2a1cb81\" data-element_type=\"widget\" data-widget_type=\"spacer.default\">\n\t\t\t\t<div class=\"elementor-widget-container\">\n\t\t\t\t\t<div class=\"elementor-spacer\">\n\t\t\t<div class=\"elementor-spacer-inner\"><\/div>\n\t\t<\/div>\n\t\t\t\t<\/div>\n\t\t\t\t<\/div>\n\t\t\t\t\t<\/div>\n\t\t<\/div>\n\t\t\t\t\t\t\t<\/div>\n\t\t<\/section>\n\t\t\t\t<section class=\"elementor-section elementor-top-section elementor-element elementor-element-0bac26c elementor-section-boxed elementor-section-height-default elementor-section-height-default\" data-id=\"0bac26c\" data-element_type=\"section\">\n\t\t\t\t\t\t<div class=\"elementor-container elementor-column-gap-default\">\n\t\t\t\t\t<div class=\"elementor-column elementor-col-100 elementor-top-column elementor-element elementor-element-402cc8f\" data-id=\"402cc8f\" data-element_type=\"column\">\n\t\t\t<div class=\"elementor-widget-wrap elementor-element-populated\">\n\t\t\t\t\t\t\t\t<div class=\"elementor-element elementor-element-124e2ab elementor-widget elementor-widget-kyl_text\" data-id=\"124e2ab\" data-element_type=\"widget\" data-widget_type=\"kyl_text.default\">\n\t\t\t\t<div class=\"elementor-widget-container\">\n\t\t\t\n        <div class=\"kyl_text is-left\">\n            <div class=\"container\">\n\t\t\t\t\n\t\t\t                <div class=\"text\">\n\t\t\t\t\t<p>Dans la r\u00e9gion de Ndiob au S\u00e9n\u00e9gal, Africa GreenTec met actuellement en service le premier Solartainer<sup>\u00ae<\/sup> et fournit dans une premi\u00e8re phase de l'\u00e9lectricit\u00e9 non polluante \u00e0 120 m\u00e9nages ainsi qu'\u00e0 de nombreuses petites entreprises et institutions publiques. Au total, 50 villages du S\u00e9n\u00e9gal devraient \u00eatre \u00e9quip\u00e9s d'un Solartainer.<\/p><p>En outre, il est pr\u00e9vu qu'une acad\u00e9mie de formation et l'ensemble de la production, de la logistique ainsi que l'exploitation et la maintenance aient lieu \u00e0 l'avenir au S\u00e9n\u00e9gal. Le nouveau site de production fabriquera principalement le Solartainer et le Cooltainer<sup>\u00ae<\/sup> pour l'ensemble du march\u00e9 en Afrique. L'acad\u00e9mie se concentrera sur la formation de sp\u00e9cialistes de la production et d'\u00e9lectriciens qualifi\u00e9s.<\/p><p>Depuis la cr\u00e9ation d'Africa GreenTec en 2016, 80 techniciens ont d\u00e9j\u00e0 \u00e9t\u00e9 form\u00e9s et recrut\u00e9s au Mali et au Niger qui sont actuellement charg\u00e9s de l'entretien et de la maintenance des installations. Avec l'acad\u00e9mie, Africa GreenTec veut d\u00e9sormais permettre \u00e0 davantage de jeunes d'acc\u00e9der \u00e0 une formation de qualit\u00e9. L'acad\u00e9mie sera \u00e9galement accessible aux \u00e9l\u00e8ves qui ne travaillent pas chez Africa GreenTec.<\/p><p>Pour cette entreprise en pleine croissance, ce d\u00e9m\u00e9nagement est une \u00e9tape importante et coh\u00e9rente pour aider les habitants du Sud \u00e0 progresser et \u00e0 devenir plus autonomes.<\/p>                <\/div>\n\t\t\t\n\t\t\t        <\/div>\n        <\/div>\n\t\t\t\t<\/div>\n\t\t\t\t<\/div>\n\t\t\t\t<div class=\"elementor-element elementor-element-5db2fc9 elementor-widget elementor-widget-spacer\" data-id=\"5db2fc9\" data-element_type=\"widget\" data-widget_type=\"spacer.default\">\n\t\t\t\t<div class=\"elementor-widget-container\">\n\t\t\t\t\t<div class=\"elementor-spacer\">\n\t\t\t<div class=\"elementor-spacer-inner\"><\/div>\n\t\t<\/div>\n\t\t\t\t<\/div>\n\t\t\t\t<\/div>\n\t\t\t\t\t<\/div>\n\t\t<\/div>\n\t\t\t\t\t\t\t<\/div>\n\t\t<\/section>\n\t\t\t\t<section class=\"elementor-section elementor-top-section elementor-element elementor-element-8018da6 elementor-section-boxed elementor-section-height-default elementor-section-height-default\" data-id=\"8018da6\" data-element_type=\"section\">\n\t\t\t\t\t\t<div class=\"elementor-container elementor-column-gap-default\">\n\t\t\t\t\t<div class=\"elementor-column elementor-col-100 elementor-top-column elementor-element elementor-element-c1ddbcc\" data-id=\"c1ddbcc\" data-element_type=\"column\">\n\t\t\t<div class=\"elementor-widget-wrap elementor-element-populated\">\n\t\t\t\t\t\t\t\t<div class=\"elementor-element elementor-element-512fb42 quotetext-size-normal elementor-widget elementor-widget-kyl_quote\" data-id=\"512fb42\" data-element_type=\"widget\" data-widget_type=\"kyl_quote.default\">\n\t\t\t\t<div class=\"elementor-widget-container\">\n\t\t\t\n        <div class=\"kyl_quote\">\n            <div class=\"container is-left\">\n                <div class=\"quote quote_alt\">\u201c<\/div>\n                <div class=\"wrapper-image \">\n\n                                            <img decoding=\"async\" src=\"https:\/\/africagreentec.com.dev.kalayourlife.com\/wp-content\/uploads\/2023\/01\/prof-dr-wolfgang-rams.jpeg\" title=\"prof-dr-wolfgang-rams\" alt=\"prof-dr-wolfgang-rams\" loading=\"lazy\" \/>                    \n                <\/div>\n                <div class=\"wrapper-text\">\n\n                    <div class=\"quote\">\u201c<\/div>\n\n                                            <div class=\"quotetext\">\n                            La cha\u00eene de valeur de nombreuses entreprises ne se trouve g\u00e9n\u00e9ralement pas en Afrique. Nous voulons changer ce probl\u00e8me dans notre entreprise et avons donc d\u00e9cid\u00e9 de d\u00e9placer le centre de notre activit\u00e9, y compris la production et les op\u00e9rations, vers l'Afrique de l'Ouest. Cela peut d\u00e9clencher une courbe de croissance \u00e9conomique qui profitera \u00e9norm\u00e9ment tant aux communaut\u00e9s villageoises d'Afrique subsaharienne qu'\u00e0 nos investisseurs.                        <\/div>\n                    \n                                            <h6 class=\"author\">\n                            Wolfgang Rams, Co-Founder & COO \u2013 AGT AG                        <\/h6>\n                    \n                <\/div>\n            <\/div>\n        <\/div>\n\n        \t\t<\/div>\n\t\t\t\t<\/div>\n\t\t\t\t<div class=\"elementor-element elementor-element-52ae945 elementor-widget elementor-widget-spacer\" data-id=\"52ae945\" data-element_type=\"widget\" data-widget_type=\"spacer.default\">\n\t\t\t\t<div class=\"elementor-widget-container\">\n\t\t\t\t\t<div class=\"elementor-spacer\">\n\t\t\t<div class=\"elementor-spacer-inner\"><\/div>\n\t\t<\/div>\n\t\t\t\t<\/div>\n\t\t\t\t<\/div>\n\t\t\t\t\t<\/div>\n\t\t<\/div>\n\t\t\t\t\t\t\t<\/div>\n\t\t<\/section>\n\t\t\t\t<section class=\"elementor-section elementor-top-section elementor-element elementor-element-4a1bc11 elementor-section-boxed elementor-section-height-default elementor-section-height-default\" data-id=\"4a1bc11\" data-element_type=\"section\">\n\t\t\t\t\t\t<div class=\"elementor-container elementor-column-gap-default\">\n\t\t\t\t\t<div class=\"elementor-column elementor-col-100 elementor-top-column elementor-element elementor-element-747485a\" data-id=\"747485a\" data-element_type=\"column\">\n\t\t\t<div class=\"elementor-widget-wrap elementor-element-populated\">\n\t\t\t\t\t\t\t\t<div class=\"elementor-element elementor-element-fe7a582 elementor-widget elementor-widget-kyl_text\" data-id=\"fe7a582\" data-element_type=\"widget\" data-widget_type=\"kyl_text.default\">\n\t\t\t\t<div class=\"elementor-widget-container\">\n\t\t\t\n        <div class=\"kyl_text is-left\">\n            <div class=\"container\">\n\t\t\t\t\n\t\t\t                <div class=\"text\">\n\t\t\t\t\t<p>Dans l'ensemble, le march\u00e9 des mini-r\u00e9seaux devrait cro\u00eetre d'environ 200.000 sites d'ici 2030, avec un volume d'investissement de 200 milliards d'euros (source : Banque mondiale 2019). Africa GreenTec pr\u00e9voit de construire au moins 500 de ses propres installations dans les prochaines ann\u00e9es.<\/p>                <\/div>\n\t\t\t\n\t\t\t        <\/div>\n        <\/div>\n\t\t\t\t<\/div>\n\t\t\t\t<\/div>\n\t\t\t\t<div class=\"elementor-element elementor-element-24441fb elementor-widget elementor-widget-spacer\" data-id=\"24441fb\" data-element_type=\"widget\" data-widget_type=\"spacer.default\">\n\t\t\t\t<div class=\"elementor-widget-container\">\n\t\t\t\t\t<div class=\"elementor-spacer\">\n\t\t\t<div class=\"elementor-spacer-inner\"><\/div>\n\t\t<\/div>\n\t\t\t\t<\/div>\n\t\t\t\t<\/div>\n\t\t\t\t\t<\/div>\n\t\t<\/div>\n\t\t\t\t\t\t\t<\/div>\n\t\t<\/section>\n\t\t\t\t<section class=\"elementor-section elementor-top-section elementor-element elementor-element-b96248b elementor-section-boxed elementor-section-height-default elementor-section-height-default\" data-id=\"b96248b\" data-element_type=\"section\">\n\t\t\t\t\t\t<div class=\"elementor-container elementor-column-gap-default\">\n\t\t\t\t\t<div class=\"elementor-column elementor-col-100 elementor-top-column elementor-element elementor-element-25d6d52\" data-id=\"25d6d52\" data-element_type=\"column\">\n\t\t\t<div class=\"elementor-widget-wrap elementor-element-populated\">\n\t\t\t\t\t\t\t\t<div class=\"elementor-element elementor-element-6d75aae elementor-widget elementor-widget-kyl_author\" data-id=\"6d75aae\" data-element_type=\"widget\" data-widget_type=\"kyl_author.default\">\n\t\t\t\t<div class=\"elementor-widget-container\">\n\t\t\t\n        <div class=\"kyl_author\">\n\n            <img decoding=\"async\" class=\"author\"\n                 src=\"https:\/\/africagreentec.com.dev.kalayourlife.com\/wp-content\/uploads\/2023\/03\/Laenderseite_Senegal-150x150.png\"\n                 srcset=\"https:\/\/africagreentec.com.dev.kalayourlife.com\/wp-content\/uploads\/2023\/03\/Laenderseite_Senegal-277x300.png 277w, https:\/\/africagreentec.com.dev.kalayourlife.com\/wp-content\/uploads\/2023\/03\/Laenderseite_Senegal-768x833.png 768w, https:\/\/africagreentec.com.dev.kalayourlife.com\/wp-content\/uploads\/2023\/03\/Laenderseite_Senegal-738x800.png 738w, https:\/\/africagreentec.com.dev.kalayourlife.com\/wp-content\/uploads\/2023\/03\/Laenderseite_Senegal-553x600.png 553w, https:\/\/africagreentec.com.dev.kalayourlife.com\/wp-content\/uploads\/2023\/03\/Laenderseite_Senegal.png 912w\"\n                 alt=\"\">\n            <div class=\"text\">\n                <span class=\"name\">\n                    S\u00e9n\u00e9gal<br \/>\nMai 2022                <\/span>\n                <br>\n            <\/div>\n\n        <\/div>\n\n\t\t\t\t<\/div>\n\t\t\t\t<\/div>\n\t\t\t\t\t<\/div>\n\t\t<\/div>\n\t\t\t\t\t\t\t<\/div>\n\t\t<\/section>\n\t\t\t\t\t\t\t<\/div>\n\t\t","protected":false},"featured_media":6902,"template":"","presse_kategorien":[59],"acf":[],"yoast_head":"<!-- This site is optimized with the Yoast SEO plugin v21.4 - https:\/\/yoast.com\/wordpress\/plugins\/seo\/ -->\n<title>Africa GreenTec d\u00e9localise la production au S\u00e9n\u00e9gal - Africa GreenTec AG<\/title>\n<meta name=\"robots\" content=\"noindex, follow, max-snippet:-1, max-image-preview:large, max-video-preview:-1\" \/>\n<meta property=\"og:locale\" content=\"fr_FR\" \/>\n<meta property=\"og:type\" content=\"article\" \/>\n<meta property=\"og:title\" content=\"Africa GreenTec d\u00e9localise la production au S\u00e9n\u00e9gal - Africa GreenTec AG\" \/>\n<meta property=\"og:description\" content=\"Home Africa GreenTec d\u00e9localise la production au S\u00e9n\u00e9gal Africa GreenTec d\u00e9localise la production et la technique au S\u00e9n\u00e9gal et cr\u00e9e sa propre acad\u00e9mie de formation Pionnier des minigrids sur le continent africain, Africa GreenTec d\u00e9veloppe, planifie et construit depuis 2016 ses propres ImpactSites\u00ae, des solutions holistiques et durables dans le domaine de l&rsquo;approvisionnement en \u00e9nergie. [&hellip;]\" \/>\n<meta property=\"og:url\" content=\"https:\/\/africagreentec.com.dev.kalayourlife.com\/fr\/presse\/africa-greentec-delocalise-la-production-au-senegal\/\" \/>\n<meta property=\"og:site_name\" content=\"Africa GreenTec AG\" \/>\n<meta property=\"article:publisher\" content=\"https:\/\/de-de.facebook.com\/AfricaGreenTec\/\" \/>\n<meta property=\"article:modified_time\" content=\"2023-08-16T11:49:00+00:00\" \/>\n<meta property=\"og:image\" content=\"https:\/\/africagreentec.com.dev.kalayourlife.com\/wp-content\/uploads\/2022\/05\/SeriesB-2.png\" \/>\n\t<meta property=\"og:image:width\" content=\"1080\" \/>\n\t<meta property=\"og:image:height\" content=\"1080\" \/>\n\t<meta property=\"og:image:type\" content=\"image\/png\" \/>\n<meta name=\"twitter:card\" content=\"summary_large_image\" \/>\n<meta name=\"twitter:site\" content=\"@AfricaGreenTec\" \/>\n<meta name=\"twitter:label1\" content=\"Dur\u00e9e de lecture estim\u00e9e\" \/>\n\t<meta name=\"twitter:data1\" content=\"4 minutes\" \/>\n<script type=\"application\/ld+json\" class=\"yoast-schema-graph\">{\"@context\":\"https:\/\/schema.org\",\"@graph\":[{\"@type\":\"WebPage\",\"@id\":\"https:\/\/africagreentec.com.dev.kalayourlife.com\/fr\/presse\/africa-greentec-delocalise-la-production-au-senegal\/\",\"url\":\"https:\/\/africagreentec.com.dev.kalayourlife.com\/fr\/presse\/africa-greentec-delocalise-la-production-au-senegal\/\",\"name\":\"Africa GreenTec d\u00e9localise la production au S\u00e9n\u00e9gal - Africa GreenTec AG\",\"isPartOf\":{\"@id\":\"https:\/\/africagreentec.com.dev.kalayourlife.com\/fr\/#website\"},\"datePublished\":\"2022-05-18T08:57:48+00:00\",\"dateModified\":\"2023-08-16T11:49:00+00:00\",\"breadcrumb\":{\"@id\":\"https:\/\/africagreentec.com.dev.kalayourlife.com\/fr\/presse\/africa-greentec-delocalise-la-production-au-senegal\/#breadcrumb\"},\"inLanguage\":\"fr-FR\",\"potentialAction\":[{\"@type\":\"ReadAction\",\"target\":[\"https:\/\/africagreentec.com.dev.kalayourlife.com\/fr\/presse\/africa-greentec-delocalise-la-production-au-senegal\/\"]}]},{\"@type\":\"BreadcrumbList\",\"@id\":\"https:\/\/africagreentec.com.dev.kalayourlife.com\/fr\/presse\/africa-greentec-delocalise-la-production-au-senegal\/#breadcrumb\",\"itemListElement\":[{\"@type\":\"ListItem\",\"position\":1,\"name\":\"Startseite\",\"item\":\"https:\/\/africagreentec.com.dev.kalayourlife.com\/fr\/\"},{\"@type\":\"ListItem\",\"position\":2,\"name\":\"Presse\",\"item\":\"https:\/\/africagreentec.com.dev.kalayourlife.com\/fr\/presse\/\"},{\"@type\":\"ListItem\",\"position\":3,\"name\":\"Africa GreenTec d\u00e9localise la production au S\u00e9n\u00e9gal\"}]},{\"@type\":\"WebSite\",\"@id\":\"https:\/\/africagreentec.com.dev.kalayourlife.com\/fr\/#website\",\"url\":\"https:\/\/africagreentec.com.dev.kalayourlife.com\/fr\/\",\"name\":\"Africa GreenTec AG\",\"description\":\"\",\"publisher\":{\"@id\":\"https:\/\/africagreentec.com.dev.kalayourlife.com\/fr\/#organization\"},\"potentialAction\":[{\"@type\":\"SearchAction\",\"target\":{\"@type\":\"EntryPoint\",\"urlTemplate\":\"https:\/\/africagreentec.com.dev.kalayourlife.com\/fr\/?s={search_term_string}\"},\"query-input\":\"required name=search_term_string\"}],\"inLanguage\":\"fr-FR\"},{\"@type\":\"Organization\",\"@id\":\"https:\/\/africagreentec.com.dev.kalayourlife.com\/fr\/#organization\",\"name\":\"Africa GreenTec AG\",\"url\":\"https:\/\/africagreentec.com.dev.kalayourlife.com\/fr\/\",\"logo\":{\"@type\":\"ImageObject\",\"inLanguage\":\"fr-FR\",\"@id\":\"https:\/\/africagreentec.com.dev.kalayourlife.com\/fr\/#\/schema\/logo\/image\/\",\"url\":\"https:\/\/africagreentec.com.dev.kalayourlife.com\/wp-content\/uploads\/2023\/01\/AGT_Logo_BC-22-07-22.svg\",\"contentUrl\":\"https:\/\/africagreentec.com.dev.kalayourlife.com\/wp-content\/uploads\/2023\/01\/AGT_Logo_BC-22-07-22.svg\",\"width\":580,\"height\":249,\"caption\":\"Africa GreenTec AG\"},\"image\":{\"@id\":\"https:\/\/africagreentec.com.dev.kalayourlife.com\/fr\/#\/schema\/logo\/image\/\"},\"sameAs\":[\"https:\/\/de-de.facebook.com\/AfricaGreenTec\/\",\"https:\/\/twitter.com\/AfricaGreenTec\",\"https:\/\/de.linkedin.com\/company\/africa-greentec\",\"https:\/\/www.instagram.com\/africa_greentec\/\"]}]}<\/script>\n<!-- \/ Yoast SEO plugin. -->","yoast_head_json":{"title":"Africa GreenTec d\u00e9localise la production au S\u00e9n\u00e9gal - Africa GreenTec AG","robots":{"index":"noindex","follow":"follow","max-snippet":"max-snippet:-1","max-image-preview":"max-image-preview:large","max-video-preview":"max-video-preview:-1"},"og_locale":"fr_FR","og_type":"article","og_title":"Africa GreenTec d\u00e9localise la production au S\u00e9n\u00e9gal - Africa GreenTec AG","og_description":"Home Africa GreenTec d\u00e9localise la production au S\u00e9n\u00e9gal Africa GreenTec d\u00e9localise la production et la technique au S\u00e9n\u00e9gal et cr\u00e9e sa propre acad\u00e9mie de formation Pionnier des minigrids sur le continent africain, Africa GreenTec d\u00e9veloppe, planifie et construit depuis 2016 ses propres ImpactSites\u00ae, des solutions holistiques et durables dans le domaine de l&rsquo;approvisionnement en \u00e9nergie. [&hellip;]","og_url":"https:\/\/africagreentec.com.dev.kalayourlife.com\/fr\/presse\/africa-greentec-delocalise-la-production-au-senegal\/","og_site_name":"Africa GreenTec AG","article_publisher":"https:\/\/de-de.facebook.com\/AfricaGreenTec\/","article_modified_time":"2023-08-16T11:49:00+00:00","og_image":[{"width":1080,"height":1080,"url":"https:\/\/africagreentec.com.dev.kalayourlife.com\/wp-content\/uploads\/2022\/05\/SeriesB-2.png","type":"image\/png"}],"twitter_card":"summary_large_image","twitter_site":"@AfricaGreenTec","twitter_misc":{"Dur\u00e9e de lecture estim\u00e9e":"4 minutes"},"schema":{"@context":"https:\/\/schema.org","@graph":[{"@type":"WebPage","@id":"https:\/\/africagreentec.com.dev.kalayourlife.com\/fr\/presse\/africa-greentec-delocalise-la-production-au-senegal\/","url":"https:\/\/africagreentec.com.dev.kalayourlife.com\/fr\/presse\/africa-greentec-delocalise-la-production-au-senegal\/","name":"Africa GreenTec d\u00e9localise la production au S\u00e9n\u00e9gal - Africa GreenTec AG","isPartOf":{"@id":"https:\/\/africagreentec.com.dev.kalayourlife.com\/fr\/#website"},"datePublished":"2022-05-18T08:57:48+00:00","dateModified":"2023-08-16T11:49:00+00:00","breadcrumb":{"@id":"https:\/\/africagreentec.com.dev.kalayourlife.com\/fr\/presse\/africa-greentec-delocalise-la-production-au-senegal\/#breadcrumb"},"inLanguage":"fr-FR","potentialAction":[{"@type":"ReadAction","target":["https:\/\/africagreentec.com.dev.kalayourlife.com\/fr\/presse\/africa-greentec-delocalise-la-production-au-senegal\/"]}]},{"@type":"BreadcrumbList","@id":"https:\/\/africagreentec.com.dev.kalayourlife.com\/fr\/presse\/africa-greentec-delocalise-la-production-au-senegal\/#breadcrumb","itemListElement":[{"@type":"ListItem","position":1,"name":"Startseite","item":"https:\/\/africagreentec.com.dev.kalayourlife.com\/fr\/"},{"@type":"ListItem","position":2,"name":"Presse","item":"https:\/\/africagreentec.com.dev.kalayourlife.com\/fr\/presse\/"},{"@type":"ListItem","position":3,"name":"Africa GreenTec d\u00e9localise la production au S\u00e9n\u00e9gal"}]},{"@type":"WebSite","@id":"https:\/\/africagreentec.com.dev.kalayourlife.com\/fr\/#website","url":"https:\/\/africagreentec.com.dev.kalayourlife.com\/fr\/","name":"Africa GreenTec AG","description":"","publisher":{"@id":"https:\/\/africagreentec.com.dev.kalayourlife.com\/fr\/#organization"},"potentialAction":[{"@type":"SearchAction","target":{"@type":"EntryPoint","urlTemplate":"https:\/\/africagreentec.com.dev.kalayourlife.com\/fr\/?s={search_term_string}"},"query-input":"required name=search_term_string"}],"inLanguage":"fr-FR"},{"@type":"Organization","@id":"https:\/\/africagreentec.com.dev.kalayourlife.com\/fr\/#organization","name":"Africa GreenTec AG","url":"https:\/\/africagreentec.com.dev.kalayourlife.com\/fr\/","logo":{"@type":"ImageObject","inLanguage":"fr-FR","@id":"https:\/\/africagreentec.com.dev.kalayourlife.com\/fr\/#\/schema\/logo\/image\/","url":"https:\/\/africagreentec.com.dev.kalayourlife.com\/wp-content\/uploads\/2023\/01\/AGT_Logo_BC-22-07-22.svg","contentUrl":"https:\/\/africagreentec.com.dev.kalayourlife.com\/wp-content\/uploads\/2023\/01\/AGT_Logo_BC-22-07-22.svg","width":580,"height":249,"caption":"Africa GreenTec AG"},"image":{"@id":"https:\/\/africagreentec.com.dev.kalayourlife.com\/fr\/#\/schema\/logo\/image\/"},"sameAs":["https:\/\/de-de.facebook.com\/AfricaGreenTec\/","https:\/\/twitter.com\/AfricaGreenTec","https:\/\/de.linkedin.com\/company\/africa-greentec","https:\/\/www.instagram.com\/africa_greentec\/"]}]}},"_links":{"self":[{"href":"https:\/\/africagreentec.com.dev.kalayourlife.com\/fr\/wp-json\/wp\/v2\/presse\/5421"}],"collection":[{"href":"https:\/\/africagreentec.com.dev.kalayourlife.com\/fr\/wp-json\/wp\/v2\/presse"}],"about":[{"href":"https:\/\/africagreentec.com.dev.kalayourlife.com\/fr\/wp-json\/wp\/v2\/types\/presse"}],"version-history":[{"count":7,"href":"https:\/\/africagreentec.com.dev.kalayourlife.com\/fr\/wp-json\/wp\/v2\/presse\/5421\/revisions"}],"predecessor-version":[{"id":6905,"href":"https:\/\/africagreentec.com.dev.kalayourlife.com\/fr\/wp-json\/wp\/v2\/presse\/5421\/revisions\/6905"}],"wp:featuredmedia":[{"embeddable":true,"href":"https:\/\/africagreentec.com.dev.kalayourlife.com\/fr\/wp-json\/wp\/v2\/media\/6902"}],"wp:attachment":[{"href":"https:\/\/africagreentec.com.dev.kalayourlife.com\/fr\/wp-json\/wp\/v2\/media?parent=5421"}],"wp:term":[{"taxonomy":"presse_kategorien","embeddable":true,"href":"https:\/\/africagreentec.com.dev.kalayourlife.com\/fr\/wp-json\/wp\/v2\/presse_kategorien?post=5421"}],"curies":[{"name":"wp","href":"https:\/\/api.w.org\/{rel}","templated":true}]}}